[{"@context":"https:\/\/schema.org\/","@type":"Article","@id":"https:\/\/www.kraff.cz\/zdrave-zuby-u-nas-problem\/#Article","mainEntityOfPage":"https:\/\/www.kraff.cz\/zdrave-zuby-u-nas-problem\/","headline":"Zdrav\u00e9 zuby &#8211; u n\u00e1s probl\u00e9m","name":"Zdrav\u00e9 zuby &#8211; u n\u00e1s probl\u00e9m","description":"M\u00edt hezk\u00e9 zuby je na\u0161e vizitka. Kdy\u017e s n\u011bk\u00fdm mluv\u00edte, je hned vid\u011bt, v jak\u00e9m stav m\u00e1te zuby. A to...","datePublished":"2023-03-19","dateModified":"2023-04-24","author":{"@type":"Person","@id":"https:\/\/www.kraff.cz\/author\/#Person","name":"","url":"https:\/\/www.kraff.cz\/author\/","identifier":1,"image":{"@type":"ImageObject","@id":"https:\/\/secure.gravatar.com\/avatar\/325464d7e09ffe52889ba6983accc5cdb65d0a54acd9a25cd7e409bd3eba713a?s=96&d=mm&r=g","url":"https:\/\/secure.gravatar.com\/avatar\/325464d7e09ffe52889ba6983accc5cdb65d0a54acd9a25cd7e409bd3eba713a?s=96&d=mm&r=g","height":96,"width":96}},"publisher":{"@type":"Organization","name":"kraff.cz","logo":{"@type":"ImageObject","@id":"\/logo.png","url":"\/logo.png","width":600,"height":60}},"image":{"@type":"ImageObject","@id":"https:\/\/www.kraff.cz\/wp-content\/uploads\/dentist-3528684_640_9.jpg","url":"https:\/\/www.kraff.cz\/wp-content\/uploads\/dentist-3528684_640_9.jpg","height":0,"width":0},"url":"https:\/\/www.kraff.cz\/zdrave-zuby-u-nas-problem\/","about":["Firmy"],"wordCount":422,"articleBody":"        M\u00edt hezk\u00e9 zuby je na\u0161e vizitka. Kdy\u017e s n\u011bk\u00fdm mluv\u00edte, je hned vid\u011bt, v jak\u00e9m stav m\u00e1te zuby. A to se nemus\u00edte ani zasm\u00e1t. Zuby jsou zkr\u00e1tka vid\u011bt a ka\u017ed\u00fd si hned v\u0161imne, jestli m\u00e1te zuby ve \u0161patn\u00e9m stavu. P\u0159itom m\u00edt zuby zdrav\u00e9 a hezk\u00e9 nen\u00ed nic co by ne\u0161lo z\u00edskat. Je ale pot\u0159eba se o to sna\u017eit, proto\u017ee p\u00e9\u010de o zuby je n\u00e1kladn\u00e1 a zdlouhav\u00e1.Z\u00e1kladem hezk\u00fdch zub\u016f je jejich pravideln\u00e9 \u010di\u0161t\u011bn\u00ed. Vybrat spr\u00e1vn\u00fd kart\u00e1\u010dek s vhodnou tvrdost\u00ed je pro \u0159adu lid\u00ed probl\u00e9m, a tak si zuby \u010dist\u00ed p\u0159\u00edli\u0161 tvrd\u00fdm kart\u00e1\u010dkem nebo naopak velice m\u011bkk\u00fdm. I kdy\u017e si mysl\u00edte \u017ee na kvalitu zub\u016f m\u00e1 kart\u00e1\u010dek jen minim\u00e1ln\u00ed vliv, opak je pravdou. Kart\u00e1\u010dek v\u00e1m m\u016f\u017ee po\u0161kodit d\u00e1sn\u011b a p\u0159\u00edli\u0161 m\u011bkk\u00fd v\u00e1m zuby nevy\u010dist\u00ed t\u00e9m\u011b\u0159 v\u016fbec. Proto je pot\u0159eba m\u00edt vhodn\u00fd kart\u00e1\u010dek, kter\u00fd v\u00e1m pom\u016f\u017ee vybrat v\u00e1\u0161 zuba\u0159 nebo zubn\u00ed hygienistka.Nem\u00e1te ani jednoho? P\u00e9\u010de o zuby u mnoha lid\u00ed ztroskot\u00e1 na tom, \u017ee prost\u011b nemaj\u00ed zuba\u0159e. Situace se zuba\u0159i je v \u010cR posledn\u00ed roky tragick\u00e1, a je jich kritick\u00fd nedostatek. Kv\u016fli tomu lid\u00e9 nemohou chodit na prevenci, proto\u017ee nemaj\u00ed kam. Pokud n\u00e1hodou n\u011bjak\u00e1 ordinace otev\u0159e, m\u00e1 plno b\u011bhem p\u00e1r minut a na registraci \u010dekaj\u00ed lid\u00e9 ve front\u011b i n\u011bkolik hodin. Proto pokud se v\u00e1m poda\u0159\u00ed k n\u011bjak\u00e9mu zuba\u0159i dostat, rozhodn\u011b cho\u010fte na prevenci, proto\u017ee v opa\u010dn\u00e9m p\u0159\u00edpad\u011b v\u00e1s l\u00e9ka\u0159 m\u016f\u017ee z evidence vy\u0161krtnout.K \u010demu prevence? Do prevence spad\u00e1 \u010di\u0161t\u011bn\u00ed zub\u016f doma i zubn\u00ed hygiena. Pr\u00e1v\u011b tu by ka\u017ed\u00fd m\u011bl absolvovat dvakr\u00e1t ro\u010dn\u011b, proto\u017ee d\u00edky tomu se zuby zbav\u00ed plaku i kamene, a pokud trp\u00edte pigmentov\u00fdmi skvrnami z j\u00eddla, pit\u00ed nebo kou\u0159en\u00ed, zbav\u00ed v\u00e1s i takov\u00fdch probl\u00e9m\u016f. Stomatologie Praha https:\/\/clinicplus.cz\/ zat\u00edm m\u00e1 voln\u00e9 kapacity jak na zubn\u00e9 o\u0161et\u0159en\u00ed tak na zubn\u00ed hygienu. Clinic+ m\u00e1 modern\u00ed prostory i vybaven\u00ed a \u010dek\u00e1 na v\u00e1s t\u00fdm l\u00e9ka\u0159\u016f, kte\u0159\u00ed dok\u00e1\u017eou se zuby doslova z\u00e1zraky. O\u0161et\u0159\u00ed tu v\u0161echno co je pot\u0159eba a ceny nejsou nijak zvl\u00e1\u0161\u0165 vysok\u00e9.                                                                                                                                                                                                                                                                                                                                                                                                  "},{"@context":"https:\/\/schema.org\/","@type":"BreadcrumbList","itemListElement":[{"@type":"ListItem","position":1,"name":"Zdrav\u00e9 zuby &#8211; u n\u00e1s probl\u00e9m","item":"https:\/\/www.kraff.cz\/zdrave-zuby-u-nas-problem\/#breadcrumbitem"}]}]