[{"@context":"https:\/\/schema.org\/","@type":"Article","@id":"https:\/\/www.kraff.cz\/zabradli-na-balkon-u-panelovych-domu\/#Article","mainEntityOfPage":"https:\/\/www.kraff.cz\/zabradli-na-balkon-u-panelovych-domu\/","headline":"Z\u00e1bradl\u00ed na balkon u panelov\u00fdch dom\u016f.","name":"Z\u00e1bradl\u00ed na balkon u panelov\u00fdch dom\u016f.","description":"U\u017e jste n\u011bkdy byli na s\u00eddli\u0161ti, kde jsou panelov\u00e9 domy? Vid\u011bli jste, kolik existuje mo\u017enost\u00ed v balk\u00f3nov\u00e9m proveden\u00ed. Skoro ka\u017ed\u00fd...","datePublished":"2023-10-15","dateModified":"2023-11-16","author":{"@type":"Person","@id":"https:\/\/www.kraff.cz\/author\/#Person","name":"","url":"https:\/\/www.kraff.cz\/author\/","identifier":1,"image":{"@type":"ImageObject","@id":"https:\/\/secure.gravatar.com\/avatar\/325464d7e09ffe52889ba6983accc5cdb65d0a54acd9a25cd7e409bd3eba713a?s=96&d=mm&r=g","url":"https:\/\/secure.gravatar.com\/avatar\/325464d7e09ffe52889ba6983accc5cdb65d0a54acd9a25cd7e409bd3eba713a?s=96&d=mm&r=g","height":96,"width":96}},"publisher":{"@type":"Organization","name":"kraff.cz","logo":{"@type":"ImageObject","@id":"\/logo.png","url":"\/logo.png","width":600,"height":60}},"image":{"@type":"ImageObject","@id":"https:\/\/www.kraff.cz\/wp-content\/uploads\/pexels-joaquin-carfagna-17274394.jpg","url":"https:\/\/www.kraff.cz\/wp-content\/uploads\/pexels-joaquin-carfagna-17274394.jpg","height":0,"width":0},"url":"https:\/\/www.kraff.cz\/zabradli-na-balkon-u-panelovych-domu\/","about":["V\u00fdrobky"],"wordCount":472,"articleBody":"   U\u017e jste n\u011bkdy byli na s\u00eddli\u0161ti, kde jsou panelov\u00e9 domy? Vid\u011bli jste, kolik existuje mo\u017enost\u00ed v balk\u00f3nov\u00e9m proveden\u00ed. Skoro ka\u017ed\u00fd panelov\u00fd d\u016fm je jina\u010d\u00ed a m\u00e1 jina\u010d\u00ed balk\u00f3ny. Ve v\u011bt\u0161in\u011b p\u0159\u00edpad\u016f p\u0159evl\u00e1daj\u00ed takzvan\u00e9 lo\u010f\u017eije. Ov\u0161em nen\u00ed to jen tak, tyto balk\u00f3ny mohou m\u00edt hned n\u011bkolik proveden\u00ed. Z\u00e1kladem jsou betonov\u00e9 st\u011bny a podlahy a o dal\u0161\u00edm proveden\u00ed se d\u00e1 ji\u017e komunikovat. M\u016f\u017eete si nechat balkon i ze p\u0159edn\u00ed strany taky zad\u011blat betonov\u00fdm kusem, ale nen\u00ed to v\u017edy nutn\u00e9. Je to skv\u011bl\u00e1 volba, kdy\u017e m\u00e1te mal\u00e9 d\u011bti a nechcete, aby se prot\u00e1hli mezi kovovou konstrukc\u00ed. Ov\u0161em, kdy\u017e zvol\u00edte celistv\u00e9 z\u00e1bradl\u00ed, mus\u00edte po\u010d\u00edtat s t\u00edm, \u017ee v\u00e1m na balk\u00f3n bude dopadat m\u00e9n\u011b slune\u010dn\u00edch paprsk\u016f a bude tak zad\u011blan\u00fd. Na tuto variantu pak jdou pou\u017e\u00edt skla, kter\u00e1 v\u00e1m cel\u00fd balk\u00f3n zad\u011blaj\u00ed a m\u00e1te ho sp\u00ed\u0161e jako dal\u0161\u00ed m\u00edstnost nebo zimn\u00ed zahradu. Sklen\u011bn\u00e9 tabule se daj\u00ed slo\u017eit a m\u016f\u017eete m\u00edt balk\u00f3n otev\u0159en\u00fd. Je to dobr\u00e1 volba, kdy\u017e nechcete klasick\u00fd balkon. D\u00e1le existuje u jin\u00e9 \u0159e\u0161en\u00ed. M\u016f\u017eete na balkony nechat d\u00e1t kovov\u00e9 ty\u010de, kter\u00e9 v\u00e1m ud\u011blaj\u00ed plotov\u00e9 z\u00e1bradl\u00ed, ov\u0161em u men\u0161\u00edch zv\u00ed\u0159at a d\u011bt\u00ed je to dost nebezpe\u010dn\u00e9, kdy\u017e to nech\u00e1te zcela otev\u0159en\u00e9. Mal\u00fd pes nebo ko\u010dka v\u00e1m m\u016f\u017ee spadnout dol\u016f. To si nep\u0159eje \u017e\u00e1dn\u00fd majitel. Kdy\u017e nechcete m\u00edt takov\u00fd prostor, volte s mo\u017enost\u00ed t\u0159eba zasklen\u00fdch. M\u00edsto betonu a kovu m\u016f\u017eete m\u00edt pevn\u00e9 sklo, kter\u00e9 v\u00e1m zajist\u00ed dostate\u010dn\u00fd slune\u010dn\u00ed svit a neprojde v\u00e1m nim zv\u00ed\u0159e. D\u011bti mohou koukat ven a nemus\u00edte se b\u00e1t, \u017ee by vypadli. Kdo nechce \u010dir\u00e9 sklo, m\u016f\u017ee zvolit jednu z variant kalen\u00fdch skel nebo r\u016fzn\u011b zdoben\u00fdch. Na v\u00fdb\u011br je spousta variant. Na takov\u00e9m v\u011bt\u0161\u00edm s\u00eddli\u0161ti to m\u016f\u017eete kr\u00e1sn\u011b vid\u011bt. Ka\u017ed\u00fd panelov\u00fd d\u016fm se rozhodl pro n\u011bco jin\u00e9ho. Nen\u00ed jednoduch\u00e9, aby se dohodlo tolik majitel\u016f bytov\u00e9ho domu, a v\u011bt\u0161inou se hlasuje a v\u011bt\u0161\u00ed po\u010det v\u00edt\u011bz\u00ed. Tak\u017ee i kdy\u017e s variantou nebudete souhlasit, nic nezm\u016f\u017eete. V\u011bt\u0161inou se s t\u00edm mus\u00edte sm\u00ed\u0159it nebo jste ve v\u011bt\u0161in\u011b a v\u00e1\u0161 n\u00e1zor vyhr\u00e1l. A\u017e n\u011bkdy p\u016fjdete na vych\u00e1zku, schv\u00e1ln\u011b se pod\u00edvejte, jak\u00e9 m\u00e1te ve sv\u00e9m okol\u00ed proveden\u00ed z\u00e1bradl\u00ed na balkony a mo\u017enosti.                                                                                                                                                                                                                                                                                                                                                                                           4.7\/5 - (4 votes)        "},{"@context":"https:\/\/schema.org\/","@type":"BreadcrumbList","itemListElement":[{"@type":"ListItem","position":1,"name":"Z\u00e1bradl\u00ed na balkon u panelov\u00fdch dom\u016f.","item":"https:\/\/www.kraff.cz\/zabradli-na-balkon-u-panelovych-domu\/#breadcrumbitem"}]}]