[{"@context":"https:\/\/schema.org\/","@type":"Article","@id":"https:\/\/www.kraff.cz\/wolf-velkoobchod-se-muze-pochlubit-vlastni-znackou-obleceni\/#Article","mainEntityOfPage":"https:\/\/www.kraff.cz\/wolf-velkoobchod-se-muze-pochlubit-vlastni-znackou-obleceni\/","headline":"Wolf velkoobchod se m\u016f\u017ee pochlubit vlastn\u00ed zna\u010dkou oble\u010den\u00ed","name":"Wolf velkoobchod se m\u016f\u017ee pochlubit vlastn\u00ed zna\u010dkou oble\u010den\u00ed","description":"Tak nic lep\u0161\u00edho jste je\u0161t\u011b na internetu nena\u0161la. Tolik naprosto \u00fa\u017easn\u00fdch a skv\u011bl\u00fdch had\u0159\u00edk\u016f na jednom m\u00edst\u011b je doopravdy z\u00e1zrak....","datePublished":"2024-10-27","dateModified":"2024-10-27","author":{"@type":"Person","@id":"https:\/\/www.kraff.cz\/author\/#Person","name":"","url":"https:\/\/www.kraff.cz\/author\/","identifier":1,"image":{"@type":"ImageObject","@id":"https:\/\/secure.gravatar.com\/avatar\/325464d7e09ffe52889ba6983accc5cdb65d0a54acd9a25cd7e409bd3eba713a?s=96&d=mm&r=g","url":"https:\/\/secure.gravatar.com\/avatar\/325464d7e09ffe52889ba6983accc5cdb65d0a54acd9a25cd7e409bd3eba713a?s=96&d=mm&r=g","height":96,"width":96}},"publisher":{"@type":"Organization","name":"kraff.cz","logo":{"@type":"ImageObject","@id":"\/logo.png","url":"\/logo.png","width":600,"height":60}},"url":"https:\/\/www.kraff.cz\/wolf-velkoobchod-se-muze-pochlubit-vlastni-znackou-obleceni\/","wordCount":234,"articleBody":"Tak nic lep\u0161\u00edho jste je\u0161t\u011b na internetu nena\u0161la. Tolik naprosto \u00fa\u017easn\u00fdch a skv\u011bl\u00fdch had\u0159\u00edk\u016f na jednom m\u00edst\u011b je doopravdy z\u00e1zrak. Prozat\u00edm jste byla v\u0161ude ne\u00fasp\u011b\u0161n\u00e1. Nel\u00edbilo se V\u00e1m v\u011bt\u0161inou v\u016fbec nic a ob\u010das jste si v n\u011bjak\u00e9 kamenn\u00e9 prodejn\u011b koupila alespo\u0148 oby\u010dejn\u00e9 tri\u010dko, a\u0165 nejdete dom\u016f op\u011bt s pr\u00e1zdnou. Tady to bude \u00fapln\u011b naopak. Vybrat si pouze p\u00e1r kousk\u016f bude doopravdy hodn\u011b slo\u017eit\u00e9. Nejrad\u011bji by \u010dlov\u011bk vykoupil naprosto v\u0161e. Budete se muset krotit. N\u00e1kupn\u00ed hore\u010dka m\u016f\u017ee za\u010d\u00edt.Zna\u010dkov\u00e9 oble\u010den\u00ed nemus\u00ed b\u00fdt v\u017edy p\u0159edra\u017een\u00e9Mus\u00edte se v\u0161ak nau\u010dit hledat. Pokud zam\u00ed\u0159\u00edte na hlavn\u00ed t\u0159\u00eddu ve Va\u0161em m\u011bst\u011b, tak nejsp\u00ed\u0161 naraz\u00edte na p\u0159edra\u017een\u00e9 butiky, ve kter\u00fdch obm\u011bna Va\u0161eho \u0161atn\u00edku spolkne i n\u011bkolik v\u00fdplat. Zkuste zap\u00e1trat na internetu. Wolf velkoobchod by mohl pomoci. Mo\u017en\u00e1 hled\u00e1te tepl\u00e1kovou soupravu pro Va\u0161i dceru. Man\u017eel nutn\u011b pot\u0159ebuje nov\u00e9 py\u017eamo. Maminka bude m\u00edt brzy narozeniny a jist\u011b by ji pot\u011b\u0161ilo pohodln\u00e9 tri\u010dko s origin\u00e1ln\u00edm motivem. Vy si chcete ud\u011blat radost a m\u00e1te z\u00e1lusk na p\u011bknou mikinu s kapuc\u00ed.                                                                                                                                                                                                                                                                                                                                                                                        4\/5 - (1 vote)        "},{"@context":"https:\/\/schema.org\/","@type":"BreadcrumbList","itemListElement":[{"@type":"ListItem","position":1,"name":"Wolf velkoobchod se m\u016f\u017ee pochlubit vlastn\u00ed zna\u010dkou oble\u010den\u00ed","item":"https:\/\/www.kraff.cz\/wolf-velkoobchod-se-muze-pochlubit-vlastni-znackou-obleceni\/#breadcrumbitem"}]}]