[{"@context":"https:\/\/schema.org\/","@type":"Article","@id":"https:\/\/www.kraff.cz\/vyberte-si-to-co-se-vam-libi\/#Article","mainEntityOfPage":"https:\/\/www.kraff.cz\/vyberte-si-to-co-se-vam-libi\/","headline":"Vyberte si to, co se V\u00e1m l\u00edb\u00ed","name":"Vyberte si to, co se V\u00e1m l\u00edb\u00ed","description":"Pokud zrovna za\u0159izujete vlastn\u00ed bydlen\u00ed, tak zaru\u010den\u011b moc dob\u0159e v\u00edte, \u017ee to nen\u00ed jen tak, proto\u017ee je nutn\u00e9 postarat se...","datePublished":"2017-08-26","dateModified":"2017-08-26","author":{"@type":"Person","@id":"https:\/\/www.kraff.cz\/author\/#Person","name":"","url":"https:\/\/www.kraff.cz\/author\/","identifier":1,"image":{"@type":"ImageObject","@id":"https:\/\/secure.gravatar.com\/avatar\/325464d7e09ffe52889ba6983accc5cdb65d0a54acd9a25cd7e409bd3eba713a?s=96&d=mm&r=g","url":"https:\/\/secure.gravatar.com\/avatar\/325464d7e09ffe52889ba6983accc5cdb65d0a54acd9a25cd7e409bd3eba713a?s=96&d=mm&r=g","height":96,"width":96}},"publisher":{"@type":"Organization","name":"kraff.cz","logo":{"@type":"ImageObject","@id":"\/logo.png","url":"\/logo.png","width":600,"height":60}},"image":{"@type":"ImageObject","@id":"https:\/\/www.kraff.cz\/wp-content\/uploads\/img_a296499_w2280_t1507543956.jpg","url":"https:\/\/www.kraff.cz\/wp-content\/uploads\/img_a296499_w2280_t1507543956.jpg","height":0,"width":0},"url":"https:\/\/www.kraff.cz\/vyberte-si-to-co-se-vam-libi\/","about":["Sport"],"wordCount":383,"articleBody":"Pokud zrovna za\u0159izujete vlastn\u00ed bydlen\u00ed, tak zaru\u010den\u011b moc dob\u0159e v\u00edte, \u017ee to nen\u00ed jen tak, proto\u017ee je nutn\u00e9 postarat se o hodn\u011b v\u011bc\u00ed. Ka\u017ed\u00fd ov\u0161em chce, aby jeho dom\u00e1cnost vypadala tak dob\u0159e, jak to jenom bude mo\u017en\u00e9, proto\u017ee kdy\u017e bude Va\u0161e bydlen\u00ed odpov\u00eddat Va\u0161im p\u0159edstav\u00e1m, tak se v n\u011bm budete opravdu p\u0159\u00edjemn\u011b c\u00edtit, co\u017e je samoz\u0159ejm\u011b d\u016fle\u017eit\u00e9. A pr\u00e1v\u011b proto n\u011bco takov\u00e9ho nepodce\u0148ujte a vyu\u017eijte toho, co tu pro V\u00e1s je. M\u016f\u017eete si pak b\u00fdt jist\u00ed t\u00edm, \u017ee si p\u0159ijdete na sv\u00e9 a nebudete litovat. Jestli tedy chcete dos\u00e1hnout t\u011bch nejlep\u0161\u00edch v\u00fdsledk\u016f, tak byste se rozhodn\u011b m\u011bli zam\u011b\u0159it na ka\u017edou drobnost, kter\u00e1 se ve Va\u0161\u00ed dom\u00e1cnosti nach\u00e1z\u00ed. Takovou drobnost\u00ed mohou b\u00fdt t\u0159eba z\u00e1suvky a vyp\u00edna\u010de, kter\u00e9 jsou ned\u00edlnou sou\u010d\u00e1st\u00ed ka\u017ed\u00e9ho bydlen\u00ed. Pro\u010d jim tedy nev\u011bnovat pozornost?  I mal\u00e9 v\u011bci si zaslou\u017e\u00ed velkou pozornost M\u016f\u017eete si b\u00fdt jist\u00ed t\u00edm, \u017ee i takov\u00e9 mal\u00e9 sou\u010d\u00e1stky si zaslou\u017e\u00ed pozornost, proto\u017ee mohou m\u00edt pom\u011brn\u011b velk\u00fd vliv na to, jak bude nakonec Va\u0161e bydlen\u00ed vypadat. Uvid\u00edte tedy, \u017ee si p\u0159ijdete na sv\u00e9 a budete nadm\u00edru spokojeni, proto\u017ee je tu pro V\u00e1s mnoho mo\u017enost\u00ed, ze kter\u00fdch si m\u016f\u017eete vyb\u00edrat. Nab\u00eddka je natolik pestr\u00e1, \u017ee vyberete vhodn\u00e9 z\u00e1suvky a vyp\u00edna\u010de pro ka\u017edou m\u00edstnost Va\u0161eho bydlen\u00ed, vyb\u00edrat si toti\u017e m\u016f\u017eete z r\u016fzn\u00fdch velikost\u00ed, tvar\u016f \u010di odst\u00edn\u016f, tak\u017ee rozhodn\u011b najdete to, co zrovna hled\u00e1te. A proto ani volbu takov\u00fdch drobnost\u00ed nepodce\u0148ujte, proto\u017ee byste jinak mohli litovat. I mal\u00e9 v\u011bci mohou m\u00ed velk\u00fd vliv na v\u00fdsledek, na to nezapom\u00ednejte. Vyu\u017eijte tedy toho, \u017ee je nab\u00eddka natolik \u0161irok\u00e1, \u017ee v n\u00ed to prav\u00e9 najdete i Vy, a\u017e potom si m\u016f\u017eete b\u00fdt naprosto jist\u00ed t\u00edm, \u017ee jste ud\u011blali v\u0161e pro to, aby Va\u0161e dom\u00e1cnost vypadala tak dob\u0159e, jak to jenom bude mo\u017en\u00e9.                                                                                                                                                                                                                                                                                                                                                                                         3.7\/5 - (4 votes)        "},{"@context":"https:\/\/schema.org\/","@type":"BreadcrumbList","itemListElement":[{"@type":"ListItem","position":1,"name":"Vyberte si to, co se V\u00e1m l\u00edb\u00ed","item":"https:\/\/www.kraff.cz\/vyberte-si-to-co-se-vam-libi\/#breadcrumbitem"}]}]