[{"@context":"https:\/\/schema.org\/","@type":"Article","@id":"https:\/\/www.kraff.cz\/spravna-volba-pro-uzavreni\/#Article","mainEntityOfPage":"https:\/\/www.kraff.cz\/spravna-volba-pro-uzavreni\/","headline":"Spr\u00e1vn\u00e1 volba pro uzav\u0159en\u00ed","name":"Spr\u00e1vn\u00e1 volba pro uzav\u0159en\u00ed","description":"D\u00edky interi\u00e9rov\u00fdm dve\u0159\u00edm z\u00edsk\u00e1te pro v\u00e1\u0161 domov ten spr\u00e1vn\u00fd styl a eleganci. D\u016fle\u017eit\u00fd je v\u00fdb\u011br, aby ladili se stylem za\u0159\u00edzen\u00ed....","datePublished":"2025-01-03","dateModified":"2025-01-03","author":{"@type":"Person","@id":"https:\/\/www.kraff.cz\/author\/#Person","name":"","url":"https:\/\/www.kraff.cz\/author\/","identifier":1,"image":{"@type":"ImageObject","@id":"https:\/\/secure.gravatar.com\/avatar\/325464d7e09ffe52889ba6983accc5cdb65d0a54acd9a25cd7e409bd3eba713a?s=96&d=mm&r=g","url":"https:\/\/secure.gravatar.com\/avatar\/325464d7e09ffe52889ba6983accc5cdb65d0a54acd9a25cd7e409bd3eba713a?s=96&d=mm&r=g","height":96,"width":96}},"publisher":{"@type":"Organization","name":"kraff.cz","logo":{"@type":"ImageObject","@id":"\/logo.png","url":"\/logo.png","width":600,"height":60}},"url":"https:\/\/www.kraff.cz\/spravna-volba-pro-uzavreni\/","wordCount":170,"articleBody":" D\u00edky interi\u00e9rov\u00fdm dve\u0159\u00edm z\u00edsk\u00e1te pro v\u00e1\u0161 domov ten spr\u00e1vn\u00fd styl a eleganci. D\u016fle\u017eit\u00fd je v\u00fdb\u011br, aby ladili se stylem za\u0159\u00edzen\u00ed. P\u0159\u00edjemnou variantou jsou prosklen\u00e9, d\u00edky kter\u00fdm propust\u00edte do m\u00edstnosti i na chodbu v\u00edce sv\u011btla, ale ne v\u017edy jsou vhodnou variantou, zejm\u00e9na ne v m\u00edstnostech, kter\u00e9 vy\u017eaduj\u00ed v\u00edce soukrom\u00ed. P\u0159i v\u00fdb\u011bru je d\u016fle\u017eit\u00e1 i \u0161\u00ed\u0159ka a sm\u011br otev\u00edr\u00e1n\u00ed, m\u016f\u017eou b\u00fdt lev\u00e9 nebo prav\u00e9. Rovnou si vyberte i dal\u0161\u00ed dopl\u0148ky. Zajist\u00ed teplo domova Krom\u011b v\u00fdb\u011bru oken nebo nov\u00e9 st\u0159echy, aby jste m\u011bli doma teplo, v\u011bnujte pozornost i dve\u0159\u00edm. Zajist\u00ed uzav\u0159en\u00ed prostoru a ochranu soukrom\u00ed a skv\u011ble dolad\u00ed celkov\u00fd design prostoru. Obl\u00edbenou variantou jsou prosklen\u00e9, i v\u00fdb\u011br skla je d\u016fle\u017eit\u00fd. M\u016f\u017eete zvolit matn\u011b tvrzen\u00e9, p\u00edskovan\u00e9, k\u016fra bronz nebo t\u0159eba pr\u016fhledn\u00e9.                                                                                                                                                                                                                                                                                                                                                                                                "},{"@context":"https:\/\/schema.org\/","@type":"BreadcrumbList","itemListElement":[{"@type":"ListItem","position":1,"name":"Spr\u00e1vn\u00e1 volba pro uzav\u0159en\u00ed","item":"https:\/\/www.kraff.cz\/spravna-volba-pro-uzavreni\/#breadcrumbitem"}]}]