[{"@context":"https:\/\/schema.org\/","@type":"Blog","@id":"https:\/\/www.kraff.cz#Blog","headline":"Kraff","description":"\nTen, kdo si vyb\u00edr\u00e1 na internetu partnery, nejednou za\u017eije ho\u0159k\u00e1 zklam\u00e1n\u00ed. Ale partnerstv\u00ed s na\u0161\u00edm webem se v\u017edycky a ka\u017ed\u00e9mu ur\u010dit\u011b vyplat\u00ed.","url":"https:\/\/www.kraff.cz","hasPart":[{"@type":"Article","@id":"https:\/\/www.kraff.cz\/chcete-konecne-neco-vyjimecneho\/","headline":"Chcete kone\u010dn\u011b n\u011bco v\u00fdjime\u010dn\u00e9ho?","url":"https:\/\/www.kraff.cz\/chcete-konecne-neco-vyjimecneho\/","datePublished":"2025-01-19","dateModified":"2025-01-19","mainEntityOfPage":"https:\/\/www.kraff.cz\/chcete-konecne-neco-vyjimecneho\/","author":{"@type":"Person","@id":"https:\/\/www.kraff.cz\/author\/#Person","name":"","url":"https:\/\/www.kraff.cz\/author\/","identifier":1,"image":{"@type":"ImageObject","@id":"https:\/\/secure.gravatar.com\/avatar\/325464d7e09ffe52889ba6983accc5cdb65d0a54acd9a25cd7e409bd3eba713a?s=96&d=mm&r=g","url":"https:\/\/secure.gravatar.com\/avatar\/325464d7e09ffe52889ba6983accc5cdb65d0a54acd9a25cd7e409bd3eba713a?s=96&d=mm&r=g","height":96,"width":96}},"publisher":{"@type":"Organization","name":"kraff.cz","logo":{"@type":"ImageObject","@id":"\/logo.png","url":"\/logo.png","width":600,"height":60}},"image":null,"wordCount":532,"keywords":null},{"@type":"Article","@id":"https:\/\/www.kraff.cz\/kvalitni-ohrev-tuv-dnes-muzete-mit-diky-slunci\/","headline":"Kvalitn\u00ed oh\u0159ev TUV dnes m\u016f\u017eete m\u00edt d\u00edky slunci","url":"https:\/\/www.kraff.cz\/kvalitni-ohrev-tuv-dnes-muzete-mit-diky-slunci\/","datePublished":"2025-01-19","dateModified":"2025-01-19","mainEntityOfPage":"https:\/\/www.kraff.cz\/kvalitni-ohrev-tuv-dnes-muzete-mit-diky-slunci\/","author":{"@type":"Person","@id":"https:\/\/www.kraff.cz\/author\/#Person","name":"","url":"https:\/\/www.kraff.cz\/author\/","identifier":1,"image":{"@type":"ImageObject","@id":"https:\/\/secure.gravatar.com\/avatar\/325464d7e09ffe52889ba6983accc5cdb65d0a54acd9a25cd7e409bd3eba713a?s=96&d=mm&r=g","url":"https:\/\/secure.gravatar.com\/avatar\/325464d7e09ffe52889ba6983accc5cdb65d0a54acd9a25cd7e409bd3eba713a?s=96&d=mm&r=g","height":96,"width":96}},"publisher":{"@type":"Organization","name":"kraff.cz","logo":{"@type":"ImageObject","@id":"\/logo.png","url":"\/logo.png","width":600,"height":60}},"image":null,"wordCount":459,"keywords":null},{"@type":"Article","@id":"https:\/\/www.kraff.cz\/prehled-ktery-vam-najde-co-hledate\/","headline":"P\u0159ehled, kter\u00fd v\u00e1m najde, co hled\u00e1te","url":"https:\/\/www.kraff.cz\/prehled-ktery-vam-najde-co-hledate\/","datePublished":"2025-01-18","dateModified":"2025-01-18","mainEntityOfPage":"https:\/\/www.kraff.cz\/prehled-ktery-vam-najde-co-hledate\/","author":{"@type":"Person","@id":"https:\/\/www.kraff.cz\/author\/#Person","name":"","url":"https:\/\/www.kraff.cz\/author\/","identifier":1,"image":{"@type":"ImageObject","@id":"https:\/\/secure.gravatar.com\/avatar\/325464d7e09ffe52889ba6983accc5cdb65d0a54acd9a25cd7e409bd3eba713a?s=96&d=mm&r=g","url":"https:\/\/secure.gravatar.com\/avatar\/325464d7e09ffe52889ba6983accc5cdb65d0a54acd9a25cd7e409bd3eba713a?s=96&d=mm&r=g","height":96,"width":96}},"publisher":{"@type":"Organization","name":"kraff.cz","logo":{"@type":"ImageObject","@id":"\/logo.png","url":"\/logo.png","width":600,"height":60}},"image":null,"wordCount":209,"keywords":null},{"@type":"Article","@id":"https:\/\/www.kraff.cz\/propagace-firmy\/","headline":"Propagace firmy","url":"https:\/\/www.kraff.cz\/propagace-firmy\/","datePublished":"2025-01-17","dateModified":"2025-01-17","mainEntityOfPage":"https:\/\/www.kraff.cz\/propagace-firmy\/","author":{"@type":"Person","@id":"https:\/\/www.kraff.cz\/author\/#Person","name":"","url":"https:\/\/www.kraff.cz\/author\/","identifier":1,"image":{"@type":"ImageObject","@id":"https:\/\/secure.gravatar.com\/avatar\/325464d7e09ffe52889ba6983accc5cdb65d0a54acd9a25cd7e409bd3eba713a?s=96&d=mm&r=g","url":"https:\/\/secure.gravatar.com\/avatar\/325464d7e09ffe52889ba6983accc5cdb65d0a54acd9a25cd7e409bd3eba713a?s=96&d=mm&r=g","height":96,"width":96}},"publisher":{"@type":"Organization","name":"kraff.cz","logo":{"@type":"ImageObject","@id":"\/logo.png","url":"\/logo.png","width":600,"height":60}},"image":null,"wordCount":465,"keywords":null},{"@type":"Article","@id":"https:\/\/www.kraff.cz\/prevest-se-da-temer-vse\/","headline":"P\u0159ev\u00e9st se d\u00e1 t\u00e9m\u011b\u0159 v\u0161e","url":"https:\/\/www.kraff.cz\/prevest-se-da-temer-vse\/","datePublished":"2025-01-15","dateModified":"2025-01-15","mainEntityOfPage":"https:\/\/www.kraff.cz\/prevest-se-da-temer-vse\/","author":{"@type":"Person","@id":"https:\/\/www.kraff.cz\/author\/#Person","name":"","url":"https:\/\/www.kraff.cz\/author\/","identifier":1,"image":{"@type":"ImageObject","@id":"https:\/\/secure.gravatar.com\/avatar\/325464d7e09ffe52889ba6983accc5cdb65d0a54acd9a25cd7e409bd3eba713a?s=96&d=mm&r=g","url":"https:\/\/secure.gravatar.com\/avatar\/325464d7e09ffe52889ba6983accc5cdb65d0a54acd9a25cd7e409bd3eba713a?s=96&d=mm&r=g","height":96,"width":96}},"publisher":{"@type":"Organization","name":"kraff.cz","logo":{"@type":"ImageObject","@id":"\/logo.png","url":"\/logo.png","width":600,"height":60}},"image":null,"wordCount":440,"keywords":null},{"@type":"Article","@id":"https:\/\/www.kraff.cz\/prezentujte-se-i-darkem\/","headline":"Prezentujte se i d\u00e1rkem","url":"https:\/\/www.kraff.cz\/prezentujte-se-i-darkem\/","datePublished":"2025-01-13","dateModified":"2025-01-13","mainEntityOfPage":"https:\/\/www.kraff.cz\/prezentujte-se-i-darkem\/","author":{"@type":"Person","@id":"https:\/\/www.kraff.cz\/author\/#Person","name":"","url":"https:\/\/www.kraff.cz\/author\/","identifier":1,"image":{"@type":"ImageObject","@id":"https:\/\/secure.gravatar.com\/avatar\/325464d7e09ffe52889ba6983accc5cdb65d0a54acd9a25cd7e409bd3eba713a?s=96&d=mm&r=g","url":"https:\/\/secure.gravatar.com\/avatar\/325464d7e09ffe52889ba6983accc5cdb65d0a54acd9a25cd7e409bd3eba713a?s=96&d=mm&r=g","height":96,"width":96}},"publisher":{"@type":"Organization","name":"kraff.cz","logo":{"@type":"ImageObject","@id":"\/logo.png","url":"\/logo.png","width":600,"height":60}},"image":null,"wordCount":489,"keywords":null},{"@type":"Article","@id":"https:\/\/www.kraff.cz\/plovouci-podlahy\/","headline":"Plovouc\u00ed podlahy","url":"https:\/\/www.kraff.cz\/plovouci-podlahy\/","datePublished":"2025-01-13","dateModified":"2025-01-13","mainEntityOfPage":"https:\/\/www.kraff.cz\/plovouci-podlahy\/","author":{"@type":"Person","@id":"https:\/\/www.kraff.cz\/author\/#Person","name":"","url":"https:\/\/www.kraff.cz\/author\/","identifier":1,"image":{"@type":"ImageObject","@id":"https:\/\/secure.gravatar.com\/avatar\/325464d7e09ffe52889ba6983accc5cdb65d0a54acd9a25cd7e409bd3eba713a?s=96&d=mm&r=g","url":"https:\/\/secure.gravatar.com\/avatar\/325464d7e09ffe52889ba6983accc5cdb65d0a54acd9a25cd7e409bd3eba713a?s=96&d=mm&r=g","height":96,"width":96}},"publisher":{"@type":"Organization","name":"kraff.cz","logo":{"@type":"ImageObject","@id":"\/logo.png","url":"\/logo.png","width":600,"height":60}},"image":null,"wordCount":233,"keywords":null},{"@type":"Article","@id":"https:\/\/www.kraff.cz\/dizajnovy-nabytok\/","headline":"Dizajnov\u00fd n\u00e1bytok","url":"https:\/\/www.kraff.cz\/dizajnovy-nabytok\/","datePublished":"2025-01-11","dateModified":"2025-01-11","mainEntityOfPage":"https:\/\/www.kraff.cz\/dizajnovy-nabytok\/","author":{"@type":"Person","@id":"https:\/\/www.kraff.cz\/author\/#Person","name":"","url":"https:\/\/www.kraff.cz\/author\/","identifier":1,"image":{"@type":"ImageObject","@id":"https:\/\/secure.gravatar.com\/avatar\/325464d7e09ffe52889ba6983accc5cdb65d0a54acd9a25cd7e409bd3eba713a?s=96&d=mm&r=g","url":"https:\/\/secure.gravatar.com\/avatar\/325464d7e09ffe52889ba6983accc5cdb65d0a54acd9a25cd7e409bd3eba713a?s=96&d=mm&r=g","height":96,"width":96}},"publisher":{"@type":"Organization","name":"kraff.cz","logo":{"@type":"ImageObject","@id":"\/logo.png","url":"\/logo.png","width":600,"height":60}},"image":null,"wordCount":400,"keywords":null},{"@type":"Article","@id":"https:\/\/www.kraff.cz\/vyuzijte-nabidky-tech-nejlepsich-oleju-pro-vase-vozidlo\/","headline":"Vyu\u017eijte nab\u00eddky t\u011bch nejlep\u0161\u00edch olej\u016f pro Va\u0161e vozidlo","url":"https:\/\/www.kraff.cz\/vyuzijte-nabidky-tech-nejlepsich-oleju-pro-vase-vozidlo\/","datePublished":"2025-01-10","dateModified":"2025-01-10","mainEntityOfPage":"https:\/\/www.kraff.cz\/vyuzijte-nabidky-tech-nejlepsich-oleju-pro-vase-vozidlo\/","author":{"@type":"Person","@id":"https:\/\/www.kraff.cz\/author\/#Person","name":"","url":"https:\/\/www.kraff.cz\/author\/","identifier":1,"image":{"@type":"ImageObject","@id":"https:\/\/secure.gravatar.com\/avatar\/325464d7e09ffe52889ba6983accc5cdb65d0a54acd9a25cd7e409bd3eba713a?s=96&d=mm&r=g","url":"https:\/\/secure.gravatar.com\/avatar\/325464d7e09ffe52889ba6983accc5cdb65d0a54acd9a25cd7e409bd3eba713a?s=96&d=mm&r=g","height":96,"width":96}},"publisher":{"@type":"Organization","name":"kraff.cz","logo":{"@type":"ImageObject","@id":"\/logo.png","url":"\/logo.png","width":600,"height":60}},"image":null,"wordCount":442,"keywords":null},{"@type":"Article","@id":"https:\/\/www.kraff.cz\/ucinne-odvetrani-mistnosti\/","headline":"\u00da\u010dinn\u00e9 odv\u011btr\u00e1n\u00ed m\u00edstnosti","url":"https:\/\/www.kraff.cz\/ucinne-odvetrani-mistnosti\/","datePublished":"2025-01-09","dateModified":"2025-01-09","mainEntityOfPage":"https:\/\/www.kraff.cz\/ucinne-odvetrani-mistnosti\/","author":{"@type":"Person","@id":"https:\/\/www.kraff.cz\/author\/#Person","name":"","url":"https:\/\/www.kraff.cz\/author\/","identifier":1,"image":{"@type":"ImageObject","@id":"https:\/\/secure.gravatar.com\/avatar\/325464d7e09ffe52889ba6983accc5cdb65d0a54acd9a25cd7e409bd3eba713a?s=96&d=mm&r=g","url":"https:\/\/secure.gravatar.com\/avatar\/325464d7e09ffe52889ba6983accc5cdb65d0a54acd9a25cd7e409bd3eba713a?s=96&d=mm&r=g","height":96,"width":96}},"publisher":{"@type":"Organization","name":"kraff.cz","logo":{"@type":"ImageObject","@id":"\/logo.png","url":"\/logo.png","width":600,"height":60}},"image":null,"wordCount":423,"keywords":null}]},{"@context":"https:\/\/schema.org","@type":"WebSite","@id":"https:\/\/www.kraff.cz\/#website","name":"Kraff","url":"https:\/\/www.kraff.cz","potentialAction":{"@type":"SearchAction","target":"https:\/\/www.kraff.cz\/?s={search_term_string}","query-input":"required name=search_term_string"}}]