[{"@context":"https:\/\/schema.org\/","@type":"Blog","@id":"https:\/\/www.kraff.cz#Blog","headline":"Kraff","description":"\nTen, kdo si vyb\u00edr\u00e1 na internetu partnery, nejednou za\u017eije ho\u0159k\u00e1 zklam\u00e1n\u00ed. Ale partnerstv\u00ed s na\u0161\u00edm webem se v\u017edycky a ka\u017ed\u00e9mu ur\u010dit\u011b vyplat\u00ed.","url":"https:\/\/www.kraff.cz","hasPart":[{"@type":"Article","@id":"https:\/\/www.kraff.cz\/proc-jsou-vypinace-tak-dulezite\/","headline":"Pro\u010d jsou vyp\u00edna\u010de tak d\u016fle\u017eit\u00e9","url":"https:\/\/www.kraff.cz\/proc-jsou-vypinace-tak-dulezite\/","datePublished":"2020-03-17","dateModified":"2024-01-17","mainEntityOfPage":"https:\/\/www.kraff.cz\/proc-jsou-vypinace-tak-dulezite\/","author":{"@type":"Person","@id":"https:\/\/www.kraff.cz\/author\/#Person","name":"","url":"https:\/\/www.kraff.cz\/author\/","identifier":1,"image":{"@type":"ImageObject","@id":"https:\/\/secure.gravatar.com\/avatar\/325464d7e09ffe52889ba6983accc5cdb65d0a54acd9a25cd7e409bd3eba713a?s=96&d=mm&r=g","url":"https:\/\/secure.gravatar.com\/avatar\/325464d7e09ffe52889ba6983accc5cdb65d0a54acd9a25cd7e409bd3eba713a?s=96&d=mm&r=g","height":96,"width":96}},"publisher":{"@type":"Organization","name":"kraff.cz","logo":{"@type":"ImageObject","@id":"\/logo.png","url":"\/logo.png","width":600,"height":60}},"image":{"@type":"ImageObject","@id":"https:\/\/www.kraff.cz\/wp-content\/uploads\/vypinac1.jpg","url":"https:\/\/www.kraff.cz\/wp-content\/uploads\/vypinac1.jpg","height":0,"width":0},"wordCount":957,"keywords":null},{"@type":"Article","@id":"https:\/\/www.kraff.cz\/s-barevnymi-zasuvkami-to-budete-mit-doma-lepsi\/","headline":"S barevn\u00fdmi z\u00e1suvkami to budete m\u00edt doma lep\u0161\u00ed","url":"https:\/\/www.kraff.cz\/s-barevnymi-zasuvkami-to-budete-mit-doma-lepsi\/","datePublished":"2020-03-17","dateModified":"2024-01-12","mainEntityOfPage":"https:\/\/www.kraff.cz\/s-barevnymi-zasuvkami-to-budete-mit-doma-lepsi\/","author":{"@type":"Person","@id":"https:\/\/www.kraff.cz\/author\/#Person","name":"","url":"https:\/\/www.kraff.cz\/author\/","identifier":1,"image":{"@type":"ImageObject","@id":"https:\/\/secure.gravatar.com\/avatar\/325464d7e09ffe52889ba6983accc5cdb65d0a54acd9a25cd7e409bd3eba713a?s=96&d=mm&r=g","url":"https:\/\/secure.gravatar.com\/avatar\/325464d7e09ffe52889ba6983accc5cdb65d0a54acd9a25cd7e409bd3eba713a?s=96&d=mm&r=g","height":96,"width":96}},"publisher":{"@type":"Organization","name":"kraff.cz","logo":{"@type":"ImageObject","@id":"\/logo.png","url":"\/logo.png","width":600,"height":60}},"image":{"@type":"ImageObject","@id":"https:\/\/www.kraff.cz\/wp-content\/uploads\/heart-2718824_640.png","url":"https:\/\/www.kraff.cz\/wp-content\/uploads\/heart-2718824_640.png","height":0,"width":0},"wordCount":939,"keywords":null},{"@type":"Article","@id":"https:\/\/www.kraff.cz\/poridte-si-neco-lepsiho\/","headline":"Po\u0159i\u010fte si n\u011bco lep\u0161\u00edho","url":"https:\/\/www.kraff.cz\/poridte-si-neco-lepsiho\/","datePublished":"2020-03-17","dateModified":"2024-01-12","mainEntityOfPage":"https:\/\/www.kraff.cz\/poridte-si-neco-lepsiho\/","author":{"@type":"Person","@id":"https:\/\/www.kraff.cz\/author\/#Person","name":"","url":"https:\/\/www.kraff.cz\/author\/","identifier":1,"image":{"@type":"ImageObject","@id":"https:\/\/secure.gravatar.com\/avatar\/325464d7e09ffe52889ba6983accc5cdb65d0a54acd9a25cd7e409bd3eba713a?s=96&d=mm&r=g","url":"https:\/\/secure.gravatar.com\/avatar\/325464d7e09ffe52889ba6983accc5cdb65d0a54acd9a25cd7e409bd3eba713a?s=96&d=mm&r=g","height":96,"width":96}},"publisher":{"@type":"Organization","name":"kraff.cz","logo":{"@type":"ImageObject","@id":"\/logo.png","url":"\/logo.png","width":600,"height":60}},"image":{"@type":"ImageObject","@id":"https:\/\/www.kraff.cz\/wp-content\/uploads\/mont%C3%A1%C5%BE%20z%C3%A1suvky.jpg","url":"https:\/\/www.kraff.cz\/wp-content\/uploads\/mont%C3%A1%C5%BE%20z%C3%A1suvky.jpg","height":0,"width":0},"wordCount":1022,"keywords":null},{"@type":"Article","@id":"https:\/\/www.kraff.cz\/vyzkousejte-usporny-provoz-led-panelu\/","headline":"Vyzkou\u0161ejte \u00fasporn\u00fd provoz LED panel\u016f","url":"https:\/\/www.kraff.cz\/vyzkousejte-usporny-provoz-led-panelu\/","datePublished":"2020-03-17","dateModified":"2024-01-12","mainEntityOfPage":"https:\/\/www.kraff.cz\/vyzkousejte-usporny-provoz-led-panelu\/","author":{"@type":"Person","@id":"https:\/\/www.kraff.cz\/author\/#Person","name":"","url":"https:\/\/www.kraff.cz\/author\/","identifier":1,"image":{"@type":"ImageObject","@id":"https:\/\/secure.gravatar.com\/avatar\/325464d7e09ffe52889ba6983accc5cdb65d0a54acd9a25cd7e409bd3eba713a?s=96&d=mm&r=g","url":"https:\/\/secure.gravatar.com\/avatar\/325464d7e09ffe52889ba6983accc5cdb65d0a54acd9a25cd7e409bd3eba713a?s=96&d=mm&r=g","height":96,"width":96}},"publisher":{"@type":"Organization","name":"kraff.cz","logo":{"@type":"ImageObject","@id":"\/logo.png","url":"\/logo.png","width":600,"height":60}},"image":{"@type":"ImageObject","@id":"https:\/\/www.kraff.cz\/wp-content\/uploads\/led%20p%C3%A1sky.jpg","url":"https:\/\/www.kraff.cz\/wp-content\/uploads\/led%20p%C3%A1sky.jpg","height":0,"width":0},"wordCount":878,"keywords":null},{"@type":"Article","@id":"https:\/\/www.kraff.cz\/posvitte-si-na-svou-domacnost\/","headline":"Posvi\u0165te si na svou dom\u00e1cnost","url":"https:\/\/www.kraff.cz\/posvitte-si-na-svou-domacnost\/","datePublished":"2020-03-17","dateModified":"2024-01-12","mainEntityOfPage":"https:\/\/www.kraff.cz\/posvitte-si-na-svou-domacnost\/","author":{"@type":"Person","@id":"https:\/\/www.kraff.cz\/author\/#Person","name":"","url":"https:\/\/www.kraff.cz\/author\/","identifier":1,"image":{"@type":"ImageObject","@id":"https:\/\/secure.gravatar.com\/avatar\/325464d7e09ffe52889ba6983accc5cdb65d0a54acd9a25cd7e409bd3eba713a?s=96&d=mm&r=g","url":"https:\/\/secure.gravatar.com\/avatar\/325464d7e09ffe52889ba6983accc5cdb65d0a54acd9a25cd7e409bd3eba713a?s=96&d=mm&r=g","height":96,"width":96}},"publisher":{"@type":"Organization","name":"kraff.cz","logo":{"@type":"ImageObject","@id":"\/logo.png","url":"\/logo.png","width":600,"height":60}},"image":{"@type":"ImageObject","@id":"https:\/\/www.kraff.cz\/wp-content\/uploads\/light-bulbs-1125016_640.jpg","url":"https:\/\/www.kraff.cz\/wp-content\/uploads\/light-bulbs-1125016_640.jpg","height":0,"width":0},"wordCount":902,"keywords":null},{"@type":"Article","@id":"https:\/\/www.kraff.cz\/jak-dobre-ovladate-sve-vozidlo\/","headline":"Jak dob\u0159e ovl\u00e1d\u00e1te sv\u00e9 vozidlo?","url":"https:\/\/www.kraff.cz\/jak-dobre-ovladate-sve-vozidlo\/","datePublished":"2020-03-17","dateModified":"2024-01-08","mainEntityOfPage":"https:\/\/www.kraff.cz\/jak-dobre-ovladate-sve-vozidlo\/","author":{"@type":"Person","@id":"https:\/\/www.kraff.cz\/author\/#Person","name":"","url":"https:\/\/www.kraff.cz\/author\/","identifier":1,"image":{"@type":"ImageObject","@id":"https:\/\/secure.gravatar.com\/avatar\/325464d7e09ffe52889ba6983accc5cdb65d0a54acd9a25cd7e409bd3eba713a?s=96&d=mm&r=g","url":"https:\/\/secure.gravatar.com\/avatar\/325464d7e09ffe52889ba6983accc5cdb65d0a54acd9a25cd7e409bd3eba713a?s=96&d=mm&r=g","height":96,"width":96}},"publisher":{"@type":"Organization","name":"kraff.cz","logo":{"@type":"ImageObject","@id":"\/logo.png","url":"\/logo.png","width":600,"height":60}},"image":{"@type":"ImageObject","@id":"https:\/\/www.kraff.cz\/wp-content\/uploads\/car-1855_640.jpg","url":"https:\/\/www.kraff.cz\/wp-content\/uploads\/car-1855_640.jpg","height":0,"width":0},"wordCount":902,"keywords":null},{"@type":"Article","@id":"https:\/\/www.kraff.cz\/osram-cool-blue-zvysuje-ostrazitost-pri-jizde-po-setmeni\/","headline":"Osram Cool Blue zvy\u0161uje ostra\u017eitost p\u0159i j\u00edzd\u011b po setm\u011bn\u00ed","url":"https:\/\/www.kraff.cz\/osram-cool-blue-zvysuje-ostrazitost-pri-jizde-po-setmeni\/","datePublished":"2020-03-17","dateModified":"2020-03-17","mainEntityOfPage":"https:\/\/www.kraff.cz\/osram-cool-blue-zvysuje-ostrazitost-pri-jizde-po-setmeni\/","author":{"@type":"Person","@id":"https:\/\/www.kraff.cz\/author\/#Person","name":"","url":"https:\/\/www.kraff.cz\/author\/","identifier":1,"image":{"@type":"ImageObject","@id":"https:\/\/secure.gravatar.com\/avatar\/325464d7e09ffe52889ba6983accc5cdb65d0a54acd9a25cd7e409bd3eba713a?s=96&d=mm&r=g","url":"https:\/\/secure.gravatar.com\/avatar\/325464d7e09ffe52889ba6983accc5cdb65d0a54acd9a25cd7e409bd3eba713a?s=96&d=mm&r=g","height":96,"width":96}},"publisher":{"@type":"Organization","name":"kraff.cz","logo":{"@type":"ImageObject","@id":"\/logo.png","url":"\/logo.png","width":600,"height":60}},"image":{"@type":"ImageObject","@id":"https:\/\/www.kraff.cz\/wp-content\/uploads\/ve%C4%8Dern%C3%AD%20provoz.jpg","url":"https:\/\/www.kraff.cz\/wp-content\/uploads\/ve%C4%8Dern%C3%AD%20provoz.jpg","height":0,"width":0},"wordCount":591,"keywords":null},{"@type":"Article","@id":"https:\/\/www.kraff.cz\/damska-zalezitost\/","headline":"D\u00e1msk\u00e1 z\u00e1le\u017eitost","url":"https:\/\/www.kraff.cz\/damska-zalezitost\/","datePublished":"2020-03-15","dateModified":"2020-03-15","mainEntityOfPage":"https:\/\/www.kraff.cz\/damska-zalezitost\/","author":{"@type":"Person","@id":"https:\/\/www.kraff.cz\/author\/#Person","name":"","url":"https:\/\/www.kraff.cz\/author\/","identifier":1,"image":{"@type":"ImageObject","@id":"https:\/\/secure.gravatar.com\/avatar\/325464d7e09ffe52889ba6983accc5cdb65d0a54acd9a25cd7e409bd3eba713a?s=96&d=mm&r=g","url":"https:\/\/secure.gravatar.com\/avatar\/325464d7e09ffe52889ba6983accc5cdb65d0a54acd9a25cd7e409bd3eba713a?s=96&d=mm&r=g","height":96,"width":96}},"publisher":{"@type":"Organization","name":"kraff.cz","logo":{"@type":"ImageObject","@id":"\/logo.png","url":"\/logo.png","width":600,"height":60}},"image":{"@type":"ImageObject","@id":"https:\/\/www.kraff.cz\/wp-content\/uploads\/%C5%BEena%20s%20kabelkou.jpg","url":"https:\/\/www.kraff.cz\/wp-content\/uploads\/%C5%BEena%20s%20kabelkou.jpg","height":0,"width":0},"wordCount":537,"keywords":null},{"@type":"Article","@id":"https:\/\/www.kraff.cz\/podporte-ceskou-tvorbu-a-poridte-si-opravdovou-nadheru\/","headline":"Podpo\u0159te \u010deskou tvorbu a po\u0159i\u010fte si opravdovou n\u00e1dheru","url":"https:\/\/www.kraff.cz\/podporte-ceskou-tvorbu-a-poridte-si-opravdovou-nadheru\/","datePublished":"2020-03-07","dateModified":"2020-03-07","mainEntityOfPage":"https:\/\/www.kraff.cz\/podporte-ceskou-tvorbu-a-poridte-si-opravdovou-nadheru\/","author":{"@type":"Person","@id":"https:\/\/www.kraff.cz\/author\/#Person","name":"","url":"https:\/\/www.kraff.cz\/author\/","identifier":1,"image":{"@type":"ImageObject","@id":"https:\/\/secure.gravatar.com\/avatar\/325464d7e09ffe52889ba6983accc5cdb65d0a54acd9a25cd7e409bd3eba713a?s=96&d=mm&r=g","url":"https:\/\/secure.gravatar.com\/avatar\/325464d7e09ffe52889ba6983accc5cdb65d0a54acd9a25cd7e409bd3eba713a?s=96&d=mm&r=g","height":96,"width":96}},"publisher":{"@type":"Organization","name":"kraff.cz","logo":{"@type":"ImageObject","@id":"\/logo.png","url":"\/logo.png","width":600,"height":60}},"image":{"@type":"ImageObject","@id":"https:\/\/www.kraff.cz\/wp-content\/uploads\/handbags-2251083_960_720.jpg","url":"https:\/\/www.kraff.cz\/wp-content\/uploads\/handbags-2251083_960_720.jpg","height":0,"width":0},"wordCount":575,"keywords":null},{"@type":"Article","@id":"https:\/\/www.kraff.cz\/efektivni-zpusob-jak-zviditelnit-web\/","headline":"Efektivn\u00ed zp\u016fsob, jak zviditelnit web","url":"https:\/\/www.kraff.cz\/efektivni-zpusob-jak-zviditelnit-web\/","datePublished":"2020-02-26","dateModified":"2020-02-26","mainEntityOfPage":"https:\/\/www.kraff.cz\/efektivni-zpusob-jak-zviditelnit-web\/","author":{"@type":"Person","@id":"https:\/\/www.kraff.cz\/author\/#Person","name":"","url":"https:\/\/www.kraff.cz\/author\/","identifier":1,"image":{"@type":"ImageObject","@id":"https:\/\/secure.gravatar.com\/avatar\/325464d7e09ffe52889ba6983accc5cdb65d0a54acd9a25cd7e409bd3eba713a?s=96&d=mm&r=g","url":"https:\/\/secure.gravatar.com\/avatar\/325464d7e09ffe52889ba6983accc5cdb65d0a54acd9a25cd7e409bd3eba713a?s=96&d=mm&r=g","height":96,"width":96}},"publisher":{"@type":"Organization","name":"kraff.cz","logo":{"@type":"ImageObject","@id":"\/logo.png","url":"\/logo.png","width":600,"height":60}},"image":{"@type":"ImageObject","@id":"https:\/\/www.kraff.cz\/wp-content\/uploads\/img_a382098_w3161_t1593594681.jpg","url":"https:\/\/www.kraff.cz\/wp-content\/uploads\/img_a382098_w3161_t1593594681.jpg","height":0,"width":0},"wordCount":550,"keywords":null}]},{"@context":"https:\/\/schema.org","@type":"WebSite","@id":"https:\/\/www.kraff.cz\/#website","name":"Kraff","url":"https:\/\/www.kraff.cz","potentialAction":{"@type":"SearchAction","target":"https:\/\/www.kraff.cz\/?s={search_term_string}","query-input":"required name=search_term_string"}}]