[{"@context":"https:\/\/schema.org\/","@type":"Article","@id":"https:\/\/www.kraff.cz\/ozdobi-nevyuzity-kout-vasi-zahrady\/#Article","mainEntityOfPage":"https:\/\/www.kraff.cz\/ozdobi-nevyuzity-kout-vasi-zahrady\/","headline":"Ozdob\u00ed nevyu\u017eit\u00fd kout va\u0161\u00ed zahrady","name":"Ozdob\u00ed nevyu\u017eit\u00fd kout va\u0161\u00ed zahrady","description":"Ur\u010dit\u011b i vy jste si obl\u00edbili letn\u00ed ve\u010dery, kdy pozvete zn\u00e1m\u00e9 a sousedy na grilov\u00e1n\u00ed. Spole\u010dn\u00e9 ve\u010dery jsou natolik p\u0159\u00edjemn\u00e9,...","datePublished":"2017-10-07","dateModified":"2017-10-07","author":{"@type":"Person","@id":"https:\/\/www.kraff.cz\/author\/#Person","name":"","url":"https:\/\/www.kraff.cz\/author\/","identifier":1,"image":{"@type":"ImageObject","@id":"https:\/\/secure.gravatar.com\/avatar\/325464d7e09ffe52889ba6983accc5cdb65d0a54acd9a25cd7e409bd3eba713a?s=96&d=mm&r=g","url":"https:\/\/secure.gravatar.com\/avatar\/325464d7e09ffe52889ba6983accc5cdb65d0a54acd9a25cd7e409bd3eba713a?s=96&d=mm&r=g","height":96,"width":96}},"publisher":{"@type":"Organization","name":"kraff.cz","logo":{"@type":"ImageObject","@id":"\/logo.png","url":"\/logo.png","width":600,"height":60}},"image":{"@type":"ImageObject","@id":"https:\/\/www.kraff.cz\/wp-content\/uploads\/img_a300446_w1969_t1510577844.jpg","url":"https:\/\/www.kraff.cz\/wp-content\/uploads\/img_a300446_w1969_t1510577844.jpg","height":0,"width":0},"url":"https:\/\/www.kraff.cz\/ozdobi-nevyuzity-kout-vasi-zahrady\/","about":["Finance"],"wordCount":415,"articleBody":" Ur\u010dit\u011b i vy jste si obl\u00edbili letn\u00ed ve\u010dery, kdy pozvete zn\u00e1m\u00e9 a sousedy na grilov\u00e1n\u00ed. Spole\u010dn\u00e9 ve\u010dery jsou natolik p\u0159\u00edjemn\u00e9, \u017ee se k tomuto programu vrac\u00edte i n\u011bkolikr\u00e1t do t\u00fddne. \u010cas od \u010dasu v\u00e1s v\u0161ak zamrz\u00ed, \u017ee je t\u0159eba v\u0161e odvolat a domluvit na jin\u00fd term\u00edn. Po\u010das\u00ed si usmyslelo, \u017ee v\u00e1m pro dne\u0161n\u00ed den nebude p\u0159\u00e1t a spustilo drobn\u00fd d\u00e9\u0161\u0165. Maso u\u017e m\u00e1te nalo\u017eeno v chutn\u00e9 marin\u00e1d\u011b, v\u00edno se chlad\u00ed a sal\u00e1t je hotov. Snad v\u00e1m bude po\u010das\u00ed p\u0159\u00e1t p\u0159\u00ed\u0161t\u00ed den. Kdybyste v\u0161ak m\u011bli na va\u0161\u00ed zahrad\u011b men\u0161\u00ed p\u0159\u00edst\u0159e\u0161ek s posezen\u00edm, probl\u00e9m by byl vy\u0159e\u0161en. Grilov\u00e1n\u00ed by se mohlo konat za ka\u017ed\u00e9ho po\u010das\u00ed. Zahradn\u00ed pergoly jsou velmi obl\u00edben\u00fdm dopl\u0148kem, pro sv\u00e9 v\u0161estrann\u00e9 vyu\u017eit\u00ed. O v\u00edkendech je m\u016f\u017eete vyu\u017e\u00edt jako m\u00edsto pro sn\u00eddan\u011b a ob\u011bdy, p\u0159es t\u00fdden v\u00e1m poskytnou klidn\u00fd kout pro vy\u0159\u00edzen\u00ed n\u011bkolika pracovn\u00edch z\u00e1le\u017eitost\u00ed a ve\u010dery se ponesou v duchu lib\u00e9 v\u016fn\u011b grilovan\u00e9ho masa. Pergolu m\u016f\u017eete um\u00edstit zcela samostatn\u011b v n\u011bkter\u00e9 \u010d\u00e1sti va\u0161\u00ed zahrady. V takov\u00e9m p\u0159\u00edpad\u011b padne obvykle v\u00fdb\u011br na d\u0159ev\u011bnou pergolu. Nebo m\u016f\u017eete nechat zhotovit i modern\u00ed verzi. Ta slou\u017e\u00ed jako zast\u0159e\u0161en\u00ed va\u0161\u00ed terasy u domu, vstupn\u00ed \u010d\u00e1sti do domu, nebo n\u011bkter\u00e9 z \u010d\u00e1st\u00ed, kter\u00e1 k domu p\u0159il\u00e9h\u00e1 a poskytuje v\u00e1m pot\u0159ebn\u00e9 soukrom\u00ed. V\u00fdb\u011br materi\u00e1lu n\u00e1sledn\u011b ovlivn\u00ed, jakou p\u00e9\u010di je t\u0159eba v\u011bnovat \u00fadr\u017eb\u011b pergoly. O tu d\u0159ev\u011bnou se pochopiteln\u011b mus\u00edte v\u00edce starat, av\u0161ak o modern\u00ed hlin\u00edkovou konstrukci se nemus\u00edte starat v\u016fbec. Bude v\u00e1m slou\u017eit po mnoho let a st\u00e1le bude vypadat jako v den, kdy jste si pod ni sedli se \u0161\u00e1lkem k\u00e1vy poprv\u00e9. Vyberte si atraktivn\u00ed dopln\u011bk va\u0161\u00ed zahrady, nebo va\u0161\u00ed terasy ze \u0161irok\u00e9 nab\u00eddky. A pokud se \u017e\u00e1dn\u00e1 nebl\u00ed\u017e\u00ed va\u0161\u00ed p\u0159edstav\u011b, nezoufejte. Nechejte si ji zhotovit p\u0159esn\u011b podle va\u0161eho p\u0159\u00e1n\u00ed a vlastn\u00edho n\u00e1kresu. Ve fotogalerii jist\u011b najdete celou \u0159adu typ\u016f, pro inspiraci. Jak bude vypadat ta, kter\u00e1 bude hostit p\u0159\u00ed\u0161t\u00ed grilov\u00e1n\u00ed u v\u00e1s na zahrad\u011b?                                                                                                                                                                                                                                                                                                                                                                                         5\/5 - (1 vote)        "},{"@context":"https:\/\/schema.org\/","@type":"BreadcrumbList","itemListElement":[{"@type":"ListItem","position":1,"name":"Ozdob\u00ed nevyu\u017eit\u00fd kout va\u0161\u00ed zahrady","item":"https:\/\/www.kraff.cz\/ozdobi-nevyuzity-kout-vasi-zahrady\/#breadcrumbitem"}]}]