[{"@context":"https:\/\/schema.org\/","@type":"Article","@id":"https:\/\/www.kraff.cz\/nouzova-a-prumyslova-svitidla\/#Article","mainEntityOfPage":"https:\/\/www.kraff.cz\/nouzova-a-prumyslova-svitidla\/","headline":"Nouzov\u00e1 a pr\u016fmyslov\u00e1 sv\u00edtidla","name":"Nouzov\u00e1 a pr\u016fmyslov\u00e1 sv\u00edtidla","description":"Sv\u00edtidla pro nouzov\u00e9 osv\u011btlen\u00edmus\u00ed spl\u0148ovat p\u0159\u00edsn\u00e9 po\u017eadavky a normy. Je t\u0159eba, aby zajistila dostate\u010dn\u00e9 osv\u011btlen\u00ed oblasti \u00fanikov\u00fdch v\u00fdchod\u016f a tam,...","datePublished":"2020-01-09","dateModified":"2020-01-09","author":{"@type":"Person","@id":"https:\/\/www.kraff.cz\/author\/#Person","name":"","url":"https:\/\/www.kraff.cz\/author\/","identifier":1,"image":{"@type":"ImageObject","@id":"https:\/\/secure.gravatar.com\/avatar\/325464d7e09ffe52889ba6983accc5cdb65d0a54acd9a25cd7e409bd3eba713a?s=96&d=mm&r=g","url":"https:\/\/secure.gravatar.com\/avatar\/325464d7e09ffe52889ba6983accc5cdb65d0a54acd9a25cd7e409bd3eba713a?s=96&d=mm&r=g","height":96,"width":96}},"publisher":{"@type":"Organization","name":"kraff.cz","logo":{"@type":"ImageObject","@id":"\/logo.png","url":"\/logo.png","width":600,"height":60}},"image":{"@type":"ImageObject","@id":"https:\/\/www.kraff.cz\/wp-content\/uploads\/img_a355675_w1756_t1570082009.jpg","url":"https:\/\/www.kraff.cz\/wp-content\/uploads\/img_a355675_w1756_t1570082009.jpg","height":0,"width":0},"url":"https:\/\/www.kraff.cz\/nouzova-a-prumyslova-svitidla\/","about":["Sport"],"wordCount":411,"articleBody":" Sv\u00edtidla pro nouzov\u00e9 osv\u011btlen\u00edmus\u00ed spl\u0148ovat p\u0159\u00edsn\u00e9 po\u017eadavky a normy. Je t\u0159eba, aby zajistila dostate\u010dn\u00e9 osv\u011btlen\u00ed oblasti \u00fanikov\u00fdch v\u00fdchod\u016f a tam, kde by n\u00e1hl\u00fd v\u00fdpadek proudu a osv\u011btlen\u00ed hrozil vznikem nebezpe\u010d\u00ed hromadn\u00e9 paniky, p\u00e1du, \u00farazu apod. O\u010dek\u00e1v\u00e1 se od n\u011bj, \u017ee bude osv\u011btlovat ozna\u010den\u00ed \u00fanikov\u00fdch cest i jejich trasu a\u017e k v\u00fdchod\u016fm, po\u017e\u00e1rn\u00ed hl\u00e1si\u010de a dal\u0161\u00ed bezpe\u010dnostn\u00ed za\u0159\u00edzen\u00ed. Z\u00e1kon vy\u017eaduje pravideln\u00e9 testov\u00e1n\u00ed bezchybn\u00fdch funkc\u00ed nouzov\u00e9ho osv\u011btlen\u00ed.Pr\u016fmyslov\u00e1 sv\u00edtidlajsou ur\u010dena do v\u0161ech typ\u016f hal, do v\u00fdroby, sklad\u016f, supermarket\u016f, ale i do t\u011blocvi\u010den. Jedn\u00e1 se o LED sv\u00edtidla, kter\u00e1 dok\u00e1\u017eou d\u00edky n\u00edzk\u00e9 spot\u0159eb\u011b, a p\u0159itom vysok\u00e9 sv\u00edtivosti uspo\u0159it zna\u010dn\u00e9 finan\u010dn\u00ed \u010d\u00e1stky vyd\u00e1van\u00e9 za elekt\u0159inu. Nen\u00ed v\u016fbec jednoduch\u00e9 se v \u0161irok\u00e9 nab\u00eddce sv\u00edtidel zorientovat. \u0160pi\u010dkou na trhu pr\u016fmyslov\u00fdch sv\u00edtidel a nouzov\u00e9ho osv\u011btlen\u00ed jsou sv\u00edtidla Beghelli od ILUMIX light. Italsk\u00e1 zna\u010dka spl\u0148uje ta nejp\u0159\u00edsn\u011bj\u0161\u00ed m\u011b\u0159\u00edtka pro tento typ osv\u011btlen\u00ed. Sv\u00edtidla Beghelli vynikaj\u00ed vysokou sv\u00edtivost\u00ed, dlouhou \u017eivotnost\u00ed a kvalitou. Jejich velk\u00e1 variabilita sk\u00fdt\u00e1 mo\u017enosti p\u0159izp\u016fsobit se p\u0159\u00edmo dan\u00e9mu projektu a lze tak maxim\u00e1ln\u011b vyj\u00edt vst\u0159\u00edc p\u0159\u00e1n\u00ed klienta. Sv\u00edtidla mohou b\u00fdt vybavena \u0159adou dopl\u0148uj\u00edc\u00edch technologi\u00ed jako automatick\u00e9 stm\u00edv\u00e1n\u00ed nebo modern\u00ed SmartDrive syst\u00e9m \u2013 inteligentn\u00ed syst\u00e9m \u0159\u00edzen\u00ed osv\u011btlen\u00ed budov. Nap\u00e1jec\u00ed zdroj SmartDriver znamen\u00e1 p\u0159evrat v technologii osv\u011btlovac\u00edch syst\u00e9m\u016f. Vn\u00e1\u0161\u00ed do mo\u017enost\u00ed osv\u011btlen\u00ed maxim\u00e1ln\u00ed flexibilitu a zv\u00fd\u0161en\u00ed funk\u010dnosti cel\u00e9ho projektu. Tato nov\u00e1 generace elektronick\u00e9ho nap\u00e1jen\u00ed umo\u017e\u0148uje \u00fasporu energie o v\u00edce ne\u017e 80 %. Spole\u010dnost ILUMIX light s.r.o. v\u00e1m vypracuje kompletn\u00ed sv\u011bteln\u00fd projekt, zajist\u00ed profesion\u00e1ln\u00ed instalaci a samoz\u0159ejm\u011b i jej\u00ed zprovozn\u011bn\u00ed. Na jej\u00edch webov\u00fdch str\u00e1nk\u00e1ch si m\u016f\u017eete prohl\u00e9dnout cel\u00fd obs\u00e1hl\u00fd sortiment interi\u00e9rov\u00fdch, exteri\u00e9rov\u00fdch a technick\u00fdch sv\u00edtidel. Zakoupit lze nejr\u016fzn\u011bj\u0161\u00ed typy sv\u011bteln\u00fdch zdroj\u016f, LED p\u00e1sky, li\u0161ty, ovlada\u010de a dal\u0161\u00ed p\u0159\u00edslu\u0161enstv\u00ed. P\u0159enechte sv\u00e9 starosti s osv\u011btlen\u00edm zku\u0161en\u00fdm profesion\u00e1l\u016fm v ILUMIX light.                                                                                                                                                                                                                                                                                                                                                                                         4.3\/5 - (3 votes)        "},{"@context":"https:\/\/schema.org\/","@type":"BreadcrumbList","itemListElement":[{"@type":"ListItem","position":1,"name":"Nouzov\u00e1 a pr\u016fmyslov\u00e1 sv\u00edtidla","item":"https:\/\/www.kraff.cz\/nouzova-a-prumyslova-svitidla\/#breadcrumbitem"}]}]