[{"@context":"https:\/\/schema.org\/","@type":"Article","@id":"https:\/\/www.kraff.cz\/nemame-radi-nespravedlnost\/#Article","mainEntityOfPage":"https:\/\/www.kraff.cz\/nemame-radi-nespravedlnost\/","headline":"Nem\u00e1me r\u00e1di nespravedlnost","name":"Nem\u00e1me r\u00e1di nespravedlnost","description":"Kdo by ji tak\u00e9 m\u011bl r\u00e1d? Jenom maxim\u00e1ln\u011b ti, kte\u0159\u00ed z\u00a0toho n\u011bco profituj\u00ed. Ostatn\u00ed lid\u00e9 ji rozhodn\u011b m\u00edt v\u00a0l\u00e1sce nebudou....","datePublished":"2024-11-03","dateModified":"2024-11-03","author":{"@type":"Person","@id":"https:\/\/www.kraff.cz\/author\/#Person","name":"","url":"https:\/\/www.kraff.cz\/author\/","identifier":1,"image":{"@type":"ImageObject","@id":"https:\/\/secure.gravatar.com\/avatar\/325464d7e09ffe52889ba6983accc5cdb65d0a54acd9a25cd7e409bd3eba713a?s=96&d=mm&r=g","url":"https:\/\/secure.gravatar.com\/avatar\/325464d7e09ffe52889ba6983accc5cdb65d0a54acd9a25cd7e409bd3eba713a?s=96&d=mm&r=g","height":96,"width":96}},"publisher":{"@type":"Organization","name":"kraff.cz","logo":{"@type":"ImageObject","@id":"\/logo.png","url":"\/logo.png","width":600,"height":60}},"url":"https:\/\/www.kraff.cz\/nemame-radi-nespravedlnost\/","wordCount":271,"articleBody":"\tKdo by ji tak\u00e9 m\u011bl r\u00e1d? Jenom maxim\u00e1ln\u011b ti, kte\u0159\u00ed z\u00a0toho n\u011bco profituj\u00ed. Ostatn\u00ed lid\u00e9 ji rozhodn\u011b m\u00edt v\u00a0l\u00e1sce nebudou. Nespravedlnost je toti\u017e hrozn\u00e1 v\u011bc, a pokud m\u00e1me nastaven\u00e9 n\u011bjak\u00e9 podm\u00ednky, tak by m\u011bly z\u0159ejm\u011b platit pro v\u0161echny, ne jenom pro n\u011bkter\u00e9, proto\u017ee to n\u00e1s posl\u00e9ze m\u016f\u017ee roz\u010dilovat. I kdy\u017e v\u0161ichni v\u00edme, \u017ee roz\u010dilov\u00e1n\u00edm nic nezm\u016f\u017eeme, akor\u00e1t si tak m\u016f\u017eeme ubl\u00ed\u017eit na vlastn\u00edm zdrav\u00ed, tak se stejn\u011b kolikr\u00e1t nesmysln\u011b, kolikr\u00e1t a\u017e rozzu\u0159\u00edme, nad n\u011bkter\u00fdmi ud\u00e1lostmi nebo lidmi.\tOb\u010das se to zvrtneU\u017e rad\u011bji nebudeme dumat nad t\u00edm, co je zde dob\u0159e a co \u0161patn\u011b, proto\u017ee m\u016f\u017eeme b\u00fdt r\u00e1di, \u017ee m\u00e1me pr\u00e1ci, sv\u00e9 zam\u011bstn\u00e1n\u00ed, kter\u00e9 m\u00e1te r\u00e1di a \u017ee m\u00e1te sv\u016fj osobn\u00ed \u017eivot, kter\u00fd stoj\u00ed za to. Ob\u010das se to sice zvrtne, ale pokud m\u00e1te zam\u011bstn\u00e1n\u00ed, kter\u00e9 v\u00e1s bav\u00ed, t\u0159eba pr\u00e1ci, kde \u0159e\u017eete kusy, k\u00a0tomu v\u00e1m pom\u016f\u017ee vl\u00e1knov\u00fd laser, tak jist\u011b ocen\u00edte v\u0161echny typick\u00e9 zn\u00e1mky zam\u011bstn\u00e1n\u00ed a vlastn\u011b to, \u017ee jej m\u00e1te. Nespravedlnost se v\u0161ak m\u016f\u017ee t\u00fdkat i t\u011bchto pracovn\u00edch podm\u00ednek, co\u017e by se pr\u00e1v\u011b tak\u00e9 d\u00edt nem\u011blo. D\u00edky tomu jsme se p\u0159izp\u016fsobili a tak\u00e9 zde m\u00e1me n\u011bjak\u00e9 z\u00e1kony, kter\u00e9 n\u00e1s chr\u00e1n\u00ed.\u00a0                                                                                                                                                                                                                                                                                                                                                                                        5\/5 - (1 vote)        "},{"@context":"https:\/\/schema.org\/","@type":"BreadcrumbList","itemListElement":[{"@type":"ListItem","position":1,"name":"Nem\u00e1me r\u00e1di nespravedlnost","item":"https:\/\/www.kraff.cz\/nemame-radi-nespravedlnost\/#breadcrumbitem"}]}]