[{"@context":"https:\/\/schema.org\/","@type":"Article","@id":"https:\/\/www.kraff.cz\/mobilni-reseni\/#Article","mainEntityOfPage":"https:\/\/www.kraff.cz\/mobilni-reseni\/","headline":"Mobiln\u00ed \u0159e\u0161en\u00ed","name":"Mobiln\u00ed \u0159e\u0161en\u00ed","description":"Cht\u011bli byste prod\u00e1vat j\u00eddlo, ale nem\u00e1te tolik pen\u011bz k pron\u00e1jmu prostor\u016f? Tak to pro V\u00e1s m\u00e1me skv\u011bl\u00fd tip. Kupte si...","datePublished":"2023-08-15","dateModified":"2023-08-15","author":{"@type":"Person","@id":"https:\/\/www.kraff.cz\/author\/#Person","name":"","url":"https:\/\/www.kraff.cz\/author\/","identifier":1,"image":{"@type":"ImageObject","@id":"https:\/\/secure.gravatar.com\/avatar\/325464d7e09ffe52889ba6983accc5cdb65d0a54acd9a25cd7e409bd3eba713a?s=96&d=mm&r=g","url":"https:\/\/secure.gravatar.com\/avatar\/325464d7e09ffe52889ba6983accc5cdb65d0a54acd9a25cd7e409bd3eba713a?s=96&d=mm&r=g","height":96,"width":96}},"publisher":{"@type":"Organization","name":"kraff.cz","logo":{"@type":"ImageObject","@id":"\/logo.png","url":"\/logo.png","width":600,"height":60}},"url":"https:\/\/www.kraff.cz\/mobilni-reseni\/","wordCount":236,"articleBody":"Cht\u011bli byste prod\u00e1vat j\u00eddlo, ale nem\u00e1te tolik pen\u011bz k pron\u00e1jmu prostor\u016f? Tak to pro V\u00e1s m\u00e1me skv\u011bl\u00fd tip. Kupte si od n\u00e1s st\u00e1nek s ob\u010derstven\u00edm a nemus\u00edte nic takov\u00e9ho \u0159e\u0161it. Proto\u017ee se sna\u017e\u00edme, aby si u n\u00e1s vybral i ten nejn\u00e1ro\u010dn\u011bj\u0161\u00ed z\u00e1kazn\u00edk, tak se budeme sna\u017eit se p\u0159izp\u016fsobit Va\u0161im n\u00e1rok\u016fm. Nev\u00e1hejte a p\u0159esv\u011bd\u010dte se o na\u0161\u00ed velkolep\u00e9 nab\u00eddce a ur\u010dit\u011b nebudete litovat. Nab\u00edz\u00edme V\u00e1m kvalitn\u00ed slu\u017eby. Vyberte si motiv, kter\u00fd byste cht\u011bli na polep, a my v\u0161echno za\u0159\u00edd\u00edme. D\u00edky sv\u00fdm rozm\u011br\u016fm se s n\u00edm bude dob\u0159e manipulovat.Bezkonkuren\u010dn\u00ed cenyU n\u00e1s naleznete opravdu v\u00fdhodn\u00e9 nab\u00eddky, tak nev\u00e1hejte a p\u0159ije\u010fte se pod\u00edvat a p\u0159esv\u011bd\u010dit se na vlastn\u00ed o\u010di. Z\u00e1rove\u0148 V\u00e1m nab\u00edz\u00edme velmi n\u00edzk\u00e9 ceny. V\u0161echno je vyrobeno z velice kvalitn\u00edch materi\u00e1l\u016f a interi\u00e9r je vybaven\u00fd nerezov\u00fdm p\u0159\u00edslu\u0161enstv\u00edm, tak\u017ee se nemus\u00edte ob\u00e1vat, \u017ee by to bylo nehygienick\u00e9. Rozhodn\u011b tato mo\u017enost stoj\u00ed za zv\u00e1\u017een\u00ed, tak nev\u00e1hejte a rozmyslete se co nejd\u0159\u00edve. Takov\u00e1 investice se ur\u010dit\u011b vyplat\u00ed.                                                                                                                                                                                                                                                                                                                                                                                                "},{"@context":"https:\/\/schema.org\/","@type":"BreadcrumbList","itemListElement":[{"@type":"ListItem","position":1,"name":"Mobiln\u00ed \u0159e\u0161en\u00ed","item":"https:\/\/www.kraff.cz\/mobilni-reseni\/#breadcrumbitem"}]}]