[{"@context":"https:\/\/schema.org\/","@type":"Article","@id":"https:\/\/www.kraff.cz\/kdo-se-boji-nesmi-do-lesa\/#Article","mainEntityOfPage":"https:\/\/www.kraff.cz\/kdo-se-boji-nesmi-do-lesa\/","headline":"Kdo se boj\u00ed, nesm\u00ed do lesa","name":"Kdo se boj\u00ed, nesm\u00ed do lesa","description":"M\u00e1te v hlav\u011b p\u0159ehr\u0161el dobr\u00fdch n\u00e1pad\u016f, nem\u016f\u017eete se do\u010dkat, a\u017e se v\u0161e rozjede a do va\u0161\u00ed firmy za\u010dnou proudit dal\u0161\u00ed...","datePublished":"2025-08-31","dateModified":"2025-08-31","author":{"@type":"Person","@id":"https:\/\/www.kraff.cz\/author\/#Person","name":"","url":"https:\/\/www.kraff.cz\/author\/","identifier":1,"image":{"@type":"ImageObject","@id":"https:\/\/secure.gravatar.com\/avatar\/325464d7e09ffe52889ba6983accc5cdb65d0a54acd9a25cd7e409bd3eba713a?s=96&d=mm&r=g","url":"https:\/\/secure.gravatar.com\/avatar\/325464d7e09ffe52889ba6983accc5cdb65d0a54acd9a25cd7e409bd3eba713a?s=96&d=mm&r=g","height":96,"width":96}},"publisher":{"@type":"Organization","name":"kraff.cz","logo":{"@type":"ImageObject","@id":"\/logo.png","url":"\/logo.png","width":600,"height":60}},"url":"https:\/\/www.kraff.cz\/kdo-se-boji-nesmi-do-lesa\/","wordCount":190,"articleBody":"M\u00e1te v hlav\u011b p\u0159ehr\u0161el dobr\u00fdch n\u00e1pad\u016f, nem\u016f\u017eete se do\u010dkat, a\u017e se v\u0161e rozjede a do va\u0161\u00ed firmy za\u010dnou proudit dal\u0161\u00ed zisky. Pro\u010d se v\u0161ak v\u0161e zastavilo? No ano, na\u0161e z\u00e1kony a lh\u016fty, poplatky, potvrzen\u00ed a tak d\u00e1le a tak d\u00e1le. Je toho v\u00edc ne\u017e dost. Trv\u00e1 to dodnes, do chv\u00edle, ne\u017e jste p\u0159i\u0161li na ten dobr\u00fd n\u00e1pad. Ready made spole\u010dnosti a vy, to je tedy dvojka! Zapi\u0161te se do rejst\u0159\u00edku hned z\u00edtra r\u00e1no V klidu a v pohod\u011b si vyberte odpov\u00eddaj\u00edc\u00ed firmu za odpov\u00eddaj\u00edc\u00ed finan\u010dn\u00ed taxu. Jednu z ji\u017e zalo\u017een\u00fdch, kter\u00e1 v\u00e1s nebude st\u00e1t majlant a bude hned k dispozici. Pot\u00e9 si stanov\u00edte p\u0159\u00edpadn\u00e9 dodatky a po\u017eadavky, nov\u00e9 jednatele a podobn\u011b, proto\u017ee zaps\u00e1ni v rejst\u0159\u00edku budete potom t\u00e9m\u011b\u0159 hned a snadno. Ready made spole\u010dnosti jsou p\u0159ipraven\u00e9 z\u00edskat si nejenom v\u00e1s, ale tak\u00e9 prvn\u00ed finan\u010dn\u00ed ohodnocen\u00ed co nejd\u0159\u00edve, jak to jen p\u016fjde.                                                                                                                                                                                                                                                                                                                                                                                                "},{"@context":"https:\/\/schema.org\/","@type":"BreadcrumbList","itemListElement":[{"@type":"ListItem","position":1,"name":"Kdo se boj\u00ed, nesm\u00ed do lesa","item":"https:\/\/www.kraff.cz\/kdo-se-boji-nesmi-do-lesa\/#breadcrumbitem"}]}]