[{"@context":"https:\/\/schema.org\/","@type":"Article","@id":"https:\/\/www.kraff.cz\/i-vase-stranky-budou-stredem-pozornosti\/#Article","mainEntityOfPage":"https:\/\/www.kraff.cz\/i-vase-stranky-budou-stredem-pozornosti\/","headline":"I Va\u0161e str\u00e1nky budou st\u0159edem pozornosti","name":"I Va\u0161e str\u00e1nky budou st\u0159edem pozornosti","description":"Pokud m\u00e1te vlastn\u00ed webov\u00e9 str\u00e1nky, na kter\u00fdch n\u011bco nab\u00edz\u00edte, a\u0165 u\u017e se jedn\u00e1 o zbo\u017e\u00ed nebo slu\u017eby, tak V\u00e1m zaru\u010den\u011b...","datePublished":"2017-11-01","dateModified":"2017-11-01","author":{"@type":"Person","@id":"https:\/\/www.kraff.cz\/author\/#Person","name":"","url":"https:\/\/www.kraff.cz\/author\/","identifier":1,"image":{"@type":"ImageObject","@id":"https:\/\/secure.gravatar.com\/avatar\/325464d7e09ffe52889ba6983accc5cdb65d0a54acd9a25cd7e409bd3eba713a?s=96&d=mm&r=g","url":"https:\/\/secure.gravatar.com\/avatar\/325464d7e09ffe52889ba6983accc5cdb65d0a54acd9a25cd7e409bd3eba713a?s=96&d=mm&r=g","height":96,"width":96}},"publisher":{"@type":"Organization","name":"kraff.cz","logo":{"@type":"ImageObject","@id":"\/logo.png","url":"\/logo.png","width":600,"height":60}},"image":{"@type":"ImageObject","@id":"https:\/\/www.kraff.cz\/wp-content\/uploads\/img_a313112_w2378_t1523788236.jpg","url":"https:\/\/www.kraff.cz\/wp-content\/uploads\/img_a313112_w2378_t1523788236.jpg","height":0,"width":0},"url":"https:\/\/www.kraff.cz\/i-vase-stranky-budou-stredem-pozornosti\/","about":["Firmy"],"wordCount":404,"articleBody":"   Pokud m\u00e1te vlastn\u00ed webov\u00e9 str\u00e1nky, na kter\u00fdch n\u011bco nab\u00edz\u00edte, a\u0165 u\u017e se jedn\u00e1 o zbo\u017e\u00ed nebo slu\u017eby, tak V\u00e1m zaru\u010den\u011b z\u00e1le\u017e\u00ed na tom, aby na n\u011b zav\u00edtalo co nejv\u011bt\u0161\u00ed mno\u017estv\u00ed n\u00e1v\u0161t\u011bvn\u00edk\u016f, proto\u017ee o to v\u00edc bude vyu\u017e\u00edv\u00e1no Va\u0161\u00ed nab\u00eddky. Dos\u00e1hnout n\u011b\u010deho takov\u00e9ho ov\u0161em rozhodn\u011b nen\u00ed jednoduch\u00e9, ve skute\u010dnosti to m\u016f\u017ee b\u00fdt docela velk\u00fd probl\u00e9m, se kter\u00fdm si \u010dlov\u011bk nemus\u00ed v\u011bd\u011bt rady. Z\u00edskat nov\u00e9 n\u00e1v\u0161t\u011bvn\u00edky pro svoje str\u00e1nky m\u016f\u017ee b\u00fdt slo\u017eit\u00e9, proto\u017ee i kdy\u017e bude obsah zaj\u00edmav\u00fd a vzhled origin\u00e1ln\u00ed, nikoho to jen tak nezaujme, pokud na dan\u00e9 str\u00e1nky nezav\u00edt\u00e1, co\u017e je docela nep\u0159\u00edjemn\u00fd probl\u00e9m, kter\u00fd neud\u011bl\u00e1 radost nikomu, na to se spolehn\u011bte. I pro V\u00e1s je tu \u0159e\u0161en\u00ed Pokud tedy chcete n\u011bjak\u00fdm zp\u016fsobem zajistit, aby na Va\u0161e str\u00e1nky zav\u00edtalo v\u00edce n\u00e1v\u0161t\u011bvn\u00edk\u016f, tak si m\u016f\u017eete b\u00fdt naprosto jist\u00ed t\u00edm, \u017ee je dobr\u00e9 se zam\u011b\u0159it na metody, kter\u00e9 V\u00e1m v\u00fdrazn\u011b pomohou. Seo je v dne\u0161n\u00ed dob\u011b opravdu obl\u00edben\u00fdm \u0159e\u0161en\u00edm, proto\u017ee d\u00edky t\u00e9to metod\u011b bude o Va\u0161e str\u00e1nky dob\u0159e postar\u00e1no. D\u00edky mnoha r\u016fzn\u00fdm \u00faprav\u00e1m toti\u017e bude dosa\u017eeno toho, aby na n\u011b zav\u00edtalo v\u011bt\u0161\u00ed mno\u017estv\u00ed n\u00e1v\u0161t\u011bvn\u00edk\u016f, ne\u017e jste si kdy mohli myslet, co\u017e se samoz\u0159ejm\u011b vyplat\u00ed. Zbavte se v\u0161ech starost\u00ed Co kdy\u017e ale nev\u00edte, jak byste si s n\u011b\u010d\u00edm takov\u00fdm m\u011bli poradit? V takov\u00e9m p\u0159\u00edpad\u011b je dobr\u00e9 si uv\u011bdomit, \u017ee to nen\u00ed nic n\u00e1ro\u010dn\u00e9ho, pokud tedy v\u00edte, na co si d\u00e1t pozor. V\u017edy je ov\u0161em nejlep\u0161\u00ed, kdy\u017e ve\u0161ker\u00e9 starosti sv\u011b\u0159\u00edte do rukou n\u011bkomu, kdo moc dob\u0159e v\u00ed, co d\u011bl\u00e1, proto\u017ee se v dan\u00e9m oboru pohybuje opravdu dlouhou dobu a m\u00e1 mnoho zku\u0161enost\u00ed, kter\u00e9 je mo\u017en\u00e9 z\u00faro\u010dit. A proto t\u00e9to skute\u010dnosti vyu\u017eijte i Vy, sv\u011b\u0159te svoje str\u00e1nky odborn\u00edk\u016fm a uvid\u00edte, \u017ee V\u00e1s v\u00fdsledky naprosto ohrom\u00ed.                                                                                                                                                                                                                                                                                                                                                                                          5\/5 - (2 votes)        "},{"@context":"https:\/\/schema.org\/","@type":"BreadcrumbList","itemListElement":[{"@type":"ListItem","position":1,"name":"I Va\u0161e str\u00e1nky budou st\u0159edem pozornosti","item":"https:\/\/www.kraff.cz\/i-vase-stranky-budou-stredem-pozornosti\/#breadcrumbitem"}]}]