{"@context":"https:\/\/schema.org\/","@type":"CollectionPage","@id":"https:\/\/www.kraff.cz\/firmy\/#CollectionPage","headline":"Firmy Category","description":"","url":"https:\/\/www.kraff.cz\/firmy\/","hasPart":[{"@type":"Article","@id":"https:\/\/www.kraff.cz\/vysledky-ktere-vas-potesi\/","headline":"V\u00fdsledky, kter\u00e9 V\u00e1s pot\u011b\u0161\u00ed","url":"https:\/\/www.kraff.cz\/vysledky-ktere-vas-potesi\/","datePublished":"2018-05-18","dateModified":"2018-05-18","mainEntityOfPage":"https:\/\/www.kraff.cz\/vysledky-ktere-vas-potesi\/","author":{"@type":"Person","@id":"https:\/\/www.kraff.cz\/author\/#Person","name":"","url":"https:\/\/www.kraff.cz\/author\/","identifier":1,"image":{"@type":"ImageObject","@id":"https:\/\/secure.gravatar.com\/avatar\/325464d7e09ffe52889ba6983accc5cdb65d0a54acd9a25cd7e409bd3eba713a?s=96&d=mm&r=g","url":"https:\/\/secure.gravatar.com\/avatar\/325464d7e09ffe52889ba6983accc5cdb65d0a54acd9a25cd7e409bd3eba713a?s=96&d=mm&r=g","height":96,"width":96}},"publisher":{"@type":"Organization","name":"kraff.cz","logo":{"@type":"ImageObject","@id":"\/logo.png","url":"\/logo.png","width":600,"height":60}},"image":{"@type":"ImageObject","@id":"https:\/\/www.kraff.cz\/wp-content\/uploads\/img_a317720_w1693_t1528532857.jpg","url":"https:\/\/www.kraff.cz\/wp-content\/uploads\/img_a317720_w1693_t1528532857.jpg","height":0,"width":0},"keywords":null},{"@type":"Article","@id":"https:\/\/www.kraff.cz\/linkbuilding-neboli-budovani-zpetnych-odkazu\/","headline":"Linkbuilding neboli budov\u00e1n\u00ed zp\u011btn\u00fdch odkaz\u016f","url":"https:\/\/www.kraff.cz\/linkbuilding-neboli-budovani-zpetnych-odkazu\/","datePublished":"2018-05-14","dateModified":"2018-05-14","mainEntityOfPage":"https:\/\/www.kraff.cz\/linkbuilding-neboli-budovani-zpetnych-odkazu\/","author":{"@type":"Person","@id":"https:\/\/www.kraff.cz\/author\/#Person","name":"","url":"https:\/\/www.kraff.cz\/author\/","identifier":1,"image":{"@type":"ImageObject","@id":"https:\/\/secure.gravatar.com\/avatar\/325464d7e09ffe52889ba6983accc5cdb65d0a54acd9a25cd7e409bd3eba713a?s=96&d=mm&r=g","url":"https:\/\/secure.gravatar.com\/avatar\/325464d7e09ffe52889ba6983accc5cdb65d0a54acd9a25cd7e409bd3eba713a?s=96&d=mm&r=g","height":96,"width":96}},"publisher":{"@type":"Organization","name":"kraff.cz","logo":{"@type":"ImageObject","@id":"\/logo.png","url":"\/logo.png","width":600,"height":60}},"image":{"@type":"ImageObject","@id":"https:\/\/www.kraff.cz\/wp-content\/uploads\/img_a317908_w2432_t1528705515.png","url":"https:\/\/www.kraff.cz\/wp-content\/uploads\/img_a317908_w2432_t1528705515.png","height":0,"width":0},"keywords":null},{"@type":"Article","@id":"https:\/\/www.kraff.cz\/nekomplikujte-si-podnikani-kdyz-nemusite\/","headline":"Nekomplikujte si podnik\u00e1n\u00ed, kdy\u017e nemus\u00edte","url":"https:\/\/www.kraff.cz\/nekomplikujte-si-podnikani-kdyz-nemusite\/","datePublished":"2018-05-12","dateModified":"2018-05-12","mainEntityOfPage":"https:\/\/www.kraff.cz\/nekomplikujte-si-podnikani-kdyz-nemusite\/","author":{"@type":"Person","@id":"https:\/\/www.kraff.cz\/author\/#Person","name":"","url":"https:\/\/www.kraff.cz\/author\/","identifier":1,"image":{"@type":"ImageObject","@id":"https:\/\/secure.gravatar.com\/avatar\/325464d7e09ffe52889ba6983accc5cdb65d0a54acd9a25cd7e409bd3eba713a?s=96&d=mm&r=g","url":"https:\/\/secure.gravatar.com\/avatar\/325464d7e09ffe52889ba6983accc5cdb65d0a54acd9a25cd7e409bd3eba713a?s=96&d=mm&r=g","height":96,"width":96}},"publisher":{"@type":"Organization","name":"kraff.cz","logo":{"@type":"ImageObject","@id":"\/logo.png","url":"\/logo.png","width":600,"height":60}},"image":{"@type":"ImageObject","@id":"https:\/\/www.kraff.cz\/wp-content\/uploads\/img_a317919_w2392_t1528707074.jpg","url":"https:\/\/www.kraff.cz\/wp-content\/uploads\/img_a317919_w2392_t1528707074.jpg","height":0,"width":0},"keywords":null},{"@type":"Article","@id":"https:\/\/www.kraff.cz\/internet-v-praze-6-nemusi-byt-drahy\/","headline":"Internet v Praze 6 nemus\u00ed b\u00fdt drah\u00fd","url":"https:\/\/www.kraff.cz\/internet-v-praze-6-nemusi-byt-drahy\/","datePublished":"2018-05-05","dateModified":"2018-05-05","mainEntityOfPage":"https:\/\/www.kraff.cz\/internet-v-praze-6-nemusi-byt-drahy\/","author":{"@type":"Person","@id":"https:\/\/www.kraff.cz\/author\/#Person","name":"","url":"https:\/\/www.kraff.cz\/author\/","identifier":1,"image":{"@type":"ImageObject","@id":"https:\/\/secure.gravatar.com\/avatar\/325464d7e09ffe52889ba6983accc5cdb65d0a54acd9a25cd7e409bd3eba713a?s=96&d=mm&r=g","url":"https:\/\/secure.gravatar.com\/avatar\/325464d7e09ffe52889ba6983accc5cdb65d0a54acd9a25cd7e409bd3eba713a?s=96&d=mm&r=g","height":96,"width":96}},"publisher":{"@type":"Organization","name":"kraff.cz","logo":{"@type":"ImageObject","@id":"\/logo.png","url":"\/logo.png","width":600,"height":60}},"image":{"@type":"ImageObject","@id":"https:\/\/www.kraff.cz\/wp-content\/uploads\/img_a317392_w2097_t1528139028.jpg","url":"https:\/\/www.kraff.cz\/wp-content\/uploads\/img_a317392_w2097_t1528139028.jpg","height":0,"width":0},"keywords":null},{"@type":"Article","@id":"https:\/\/www.kraff.cz\/seo-ktere-si-rozumi-s-vyhledavaci\/","headline":"SEO, kter\u00e9 si rozum\u00ed s vyhled\u00e1va\u010di","url":"https:\/\/www.kraff.cz\/seo-ktere-si-rozumi-s-vyhledavaci\/","datePublished":"2018-04-23","dateModified":"2018-04-23","mainEntityOfPage":"https:\/\/www.kraff.cz\/seo-ktere-si-rozumi-s-vyhledavaci\/","author":{"@type":"Person","@id":"https:\/\/www.kraff.cz\/author\/#Person","name":"","url":"https:\/\/www.kraff.cz\/author\/","identifier":1,"image":{"@type":"ImageObject","@id":"https:\/\/secure.gravatar.com\/avatar\/325464d7e09ffe52889ba6983accc5cdb65d0a54acd9a25cd7e409bd3eba713a?s=96&d=mm&r=g","url":"https:\/\/secure.gravatar.com\/avatar\/325464d7e09ffe52889ba6983accc5cdb65d0a54acd9a25cd7e409bd3eba713a?s=96&d=mm&r=g","height":96,"width":96}},"publisher":{"@type":"Organization","name":"kraff.cz","logo":{"@type":"ImageObject","@id":"\/logo.png","url":"\/logo.png","width":600,"height":60}},"image":{"@type":"ImageObject","@id":"https:\/\/www.kraff.cz\/wp-content\/uploads\/img_a316429_w1755_t1527410095.png","url":"https:\/\/www.kraff.cz\/wp-content\/uploads\/img_a316429_w1755_t1527410095.png","height":0,"width":0},"keywords":null},{"@type":"Article","@id":"https:\/\/www.kraff.cz\/to-prave-pro-vyssi-navstevnost\/","headline":"To prav\u00e9 pro vy\u0161\u0161\u00ed n\u00e1v\u0161t\u011bvnost","url":"https:\/\/www.kraff.cz\/to-prave-pro-vyssi-navstevnost\/","datePublished":"2018-04-13","dateModified":"2018-04-13","mainEntityOfPage":"https:\/\/www.kraff.cz\/to-prave-pro-vyssi-navstevnost\/","author":{"@type":"Person","@id":"https:\/\/www.kraff.cz\/author\/#Person","name":"","url":"https:\/\/www.kraff.cz\/author\/","identifier":1,"image":{"@type":"ImageObject","@id":"https:\/\/secure.gravatar.com\/avatar\/325464d7e09ffe52889ba6983accc5cdb65d0a54acd9a25cd7e409bd3eba713a?s=96&d=mm&r=g","url":"https:\/\/secure.gravatar.com\/avatar\/325464d7e09ffe52889ba6983accc5cdb65d0a54acd9a25cd7e409bd3eba713a?s=96&d=mm&r=g","height":96,"width":96}},"publisher":{"@type":"Organization","name":"kraff.cz","logo":{"@type":"ImageObject","@id":"\/logo.png","url":"\/logo.png","width":600,"height":60}},"image":{"@type":"ImageObject","@id":"https:\/\/www.kraff.cz\/wp-content\/uploads\/img_a316012_w2445_t1526977037.jpg","url":"https:\/\/www.kraff.cz\/wp-content\/uploads\/img_a316012_w2445_t1526977037.jpg","height":0,"width":0},"keywords":null},{"@type":"Article","@id":"https:\/\/www.kraff.cz\/vsadte-na-skutecne-spolehlive-sluzby\/","headline":"Vsa\u010fte na skute\u010dn\u011b spolehliv\u00e9 slu\u017eby","url":"https:\/\/www.kraff.cz\/vsadte-na-skutecne-spolehlive-sluzby\/","datePublished":"2018-04-12","dateModified":"2018-04-12","mainEntityOfPage":"https:\/\/www.kraff.cz\/vsadte-na-skutecne-spolehlive-sluzby\/","author":{"@type":"Person","@id":"https:\/\/www.kraff.cz\/author\/#Person","name":"","url":"https:\/\/www.kraff.cz\/author\/","identifier":1,"image":{"@type":"ImageObject","@id":"https:\/\/secure.gravatar.com\/avatar\/325464d7e09ffe52889ba6983accc5cdb65d0a54acd9a25cd7e409bd3eba713a?s=96&d=mm&r=g","url":"https:\/\/secure.gravatar.com\/avatar\/325464d7e09ffe52889ba6983accc5cdb65d0a54acd9a25cd7e409bd3eba713a?s=96&d=mm&r=g","height":96,"width":96}},"publisher":{"@type":"Organization","name":"kraff.cz","logo":{"@type":"ImageObject","@id":"\/logo.png","url":"\/logo.png","width":600,"height":60}},"image":{"@type":"ImageObject","@id":"https:\/\/www.kraff.cz\/wp-content\/uploads\/img_a318014_w2670_t1528801001.jpg","url":"https:\/\/www.kraff.cz\/wp-content\/uploads\/img_a318014_w2670_t1528801001.jpg","height":0,"width":0},"keywords":null},{"@type":"Article","@id":"https:\/\/www.kraff.cz\/seo-optimalizace-webovych-stranek-nastartuje-vase-podnikani-na-internetu\/","headline":"Seo optimalizace webov\u00fdch str\u00e1nek nastartuje va\u0161e podnik\u00e1n\u00ed na internetu","url":"https:\/\/www.kraff.cz\/seo-optimalizace-webovych-stranek-nastartuje-vase-podnikani-na-internetu\/","datePublished":"2018-03-25","dateModified":"2018-03-25","mainEntityOfPage":"https:\/\/www.kraff.cz\/seo-optimalizace-webovych-stranek-nastartuje-vase-podnikani-na-internetu\/","author":{"@type":"Person","@id":"https:\/\/www.kraff.cz\/author\/#Person","name":"","url":"https:\/\/www.kraff.cz\/author\/","identifier":1,"image":{"@type":"ImageObject","@id":"https:\/\/secure.gravatar.com\/avatar\/325464d7e09ffe52889ba6983accc5cdb65d0a54acd9a25cd7e409bd3eba713a?s=96&d=mm&r=g","url":"https:\/\/secure.gravatar.com\/avatar\/325464d7e09ffe52889ba6983accc5cdb65d0a54acd9a25cd7e409bd3eba713a?s=96&d=mm&r=g","height":96,"width":96}},"publisher":{"@type":"Organization","name":"kraff.cz","logo":{"@type":"ImageObject","@id":"\/logo.png","url":"\/logo.png","width":600,"height":60}},"image":{"@type":"ImageObject","@id":"https:\/\/www.kraff.cz\/wp-content\/uploads\/img_a316285_w2510_t1527230455.png","url":"https:\/\/www.kraff.cz\/wp-content\/uploads\/img_a316285_w2510_t1527230455.png","height":0,"width":0},"keywords":null},{"@type":"Article","@id":"https:\/\/www.kraff.cz\/pece-na-kterou-je-spolehnuti\/","headline":"P\u00e9\u010de, na kterou je spolehnut\u00ed","url":"https:\/\/www.kraff.cz\/pece-na-kterou-je-spolehnuti\/","datePublished":"2018-03-21","dateModified":"2018-03-21","mainEntityOfPage":"https:\/\/www.kraff.cz\/pece-na-kterou-je-spolehnuti\/","author":{"@type":"Person","@id":"https:\/\/www.kraff.cz\/author\/#Person","name":"","url":"https:\/\/www.kraff.cz\/author\/","identifier":1,"image":{"@type":"ImageObject","@id":"https:\/\/secure.gravatar.com\/avatar\/325464d7e09ffe52889ba6983accc5cdb65d0a54acd9a25cd7e409bd3eba713a?s=96&d=mm&r=g","url":"https:\/\/secure.gravatar.com\/avatar\/325464d7e09ffe52889ba6983accc5cdb65d0a54acd9a25cd7e409bd3eba713a?s=96&d=mm&r=g","height":96,"width":96}},"publisher":{"@type":"Organization","name":"kraff.cz","logo":{"@type":"ImageObject","@id":"\/logo.png","url":"\/logo.png","width":600,"height":60}},"image":{"@type":"ImageObject","@id":"https:\/\/www.kraff.cz\/wp-content\/uploads\/img_a315938_w2644_t1526892381.jpg","url":"https:\/\/www.kraff.cz\/wp-content\/uploads\/img_a315938_w2644_t1526892381.jpg","height":0,"width":0},"keywords":null},{"@type":"Article","@id":"https:\/\/www.kraff.cz\/moznosti-tu-pro-vas-jsou\/","headline":"Mo\u017enosti tu pro V\u00e1s jsou","url":"https:\/\/www.kraff.cz\/moznosti-tu-pro-vas-jsou\/","datePublished":"2018-03-17","dateModified":"2018-03-17","mainEntityOfPage":"https:\/\/www.kraff.cz\/moznosti-tu-pro-vas-jsou\/","author":{"@type":"Person","@id":"https:\/\/www.kraff.cz\/author\/#Person","name":"","url":"https:\/\/www.kraff.cz\/author\/","identifier":1,"image":{"@type":"ImageObject","@id":"https:\/\/secure.gravatar.com\/avatar\/325464d7e09ffe52889ba6983accc5cdb65d0a54acd9a25cd7e409bd3eba713a?s=96&d=mm&r=g","url":"https:\/\/secure.gravatar.com\/avatar\/325464d7e09ffe52889ba6983accc5cdb65d0a54acd9a25cd7e409bd3eba713a?s=96&d=mm&r=g","height":96,"width":96}},"publisher":{"@type":"Organization","name":"kraff.cz","logo":{"@type":"ImageObject","@id":"\/logo.png","url":"\/logo.png","width":600,"height":60}},"image":{"@type":"ImageObject","@id":"https:\/\/www.kraff.cz\/wp-content\/uploads\/img_a313874_w2355_t1524664967.jpg","url":"https:\/\/www.kraff.cz\/wp-content\/uploads\/img_a313874_w2355_t1524664967.jpg","height":0,"width":0},"keywords":null}]}