{"@context":"https:\/\/schema.org\/","@type":"CollectionPage","@id":"https:\/\/www.kraff.cz\/firmy\/#CollectionPage","headline":"Firmy Category","description":"","url":"https:\/\/www.kraff.cz\/firmy\/","hasPart":[{"@type":"Article","@id":"https:\/\/www.kraff.cz\/praha-a-sidla\/","headline":"Praha a s\u00eddla","url":"https:\/\/www.kraff.cz\/praha-a-sidla\/","datePublished":"2023-05-28","dateModified":"2023-05-28","mainEntityOfPage":"https:\/\/www.kraff.cz\/praha-a-sidla\/","author":{"@type":"Person","@id":"https:\/\/www.kraff.cz\/author\/#Person","name":"","url":"https:\/\/www.kraff.cz\/author\/","identifier":1,"image":{"@type":"ImageObject","@id":"https:\/\/secure.gravatar.com\/avatar\/325464d7e09ffe52889ba6983accc5cdb65d0a54acd9a25cd7e409bd3eba713a?s=96&d=mm&r=g","url":"https:\/\/secure.gravatar.com\/avatar\/325464d7e09ffe52889ba6983accc5cdb65d0a54acd9a25cd7e409bd3eba713a?s=96&d=mm&r=g","height":96,"width":96}},"publisher":{"@type":"Organization","name":"kraff.cz","logo":{"@type":"ImageObject","@id":"\/logo.png","url":"\/logo.png","width":600,"height":60}},"image":{"@type":"ImageObject","@id":"https:\/\/www.kraff.cz\/wp-content\/uploads\/architecture-2256489_1280.jpg","url":"https:\/\/www.kraff.cz\/wp-content\/uploads\/architecture-2256489_1280.jpg","height":0,"width":0},"keywords":null},{"@type":"Article","@id":"https:\/\/www.kraff.cz\/jak-si-uzit-dovolenou-bez-zazivacich-obtizi\/","headline":"Jak si u\u017e\u00edt dovolenou bez za\u017e\u00edvac\u00edch obt\u00ed\u017e\u00ed","url":"https:\/\/www.kraff.cz\/jak-si-uzit-dovolenou-bez-zazivacich-obtizi\/","datePublished":"2023-05-20","dateModified":"2023-06-21","mainEntityOfPage":"https:\/\/www.kraff.cz\/jak-si-uzit-dovolenou-bez-zazivacich-obtizi\/","author":{"@type":"Person","@id":"https:\/\/www.kraff.cz\/author\/#Person","name":"","url":"https:\/\/www.kraff.cz\/author\/","identifier":1,"image":{"@type":"ImageObject","@id":"https:\/\/secure.gravatar.com\/avatar\/325464d7e09ffe52889ba6983accc5cdb65d0a54acd9a25cd7e409bd3eba713a?s=96&d=mm&r=g","url":"https:\/\/secure.gravatar.com\/avatar\/325464d7e09ffe52889ba6983accc5cdb65d0a54acd9a25cd7e409bd3eba713a?s=96&d=mm&r=g","height":96,"width":96}},"publisher":{"@type":"Organization","name":"kraff.cz","logo":{"@type":"ImageObject","@id":"\/logo.png","url":"\/logo.png","width":600,"height":60}},"image":{"@type":"ImageObject","@id":"https:\/\/www.kraff.cz\/wp-content\/uploads\/woman-6080984__480_2.jpg","url":"https:\/\/www.kraff.cz\/wp-content\/uploads\/woman-6080984__480_2.jpg","height":0,"width":0},"keywords":null},{"@type":"Article","@id":"https:\/\/www.kraff.cz\/milujete-chorvatsko\/","headline":"Milujete Chorvatsko?","url":"https:\/\/www.kraff.cz\/milujete-chorvatsko\/","datePublished":"2023-05-12","dateModified":"2023-06-13","mainEntityOfPage":"https:\/\/www.kraff.cz\/milujete-chorvatsko\/","author":{"@type":"Person","@id":"https:\/\/www.kraff.cz\/author\/#Person","name":"","url":"https:\/\/www.kraff.cz\/author\/","identifier":1,"image":{"@type":"ImageObject","@id":"https:\/\/secure.gravatar.com\/avatar\/325464d7e09ffe52889ba6983accc5cdb65d0a54acd9a25cd7e409bd3eba713a?s=96&d=mm&r=g","url":"https:\/\/secure.gravatar.com\/avatar\/325464d7e09ffe52889ba6983accc5cdb65d0a54acd9a25cd7e409bd3eba713a?s=96&d=mm&r=g","height":96,"width":96}},"publisher":{"@type":"Organization","name":"kraff.cz","logo":{"@type":"ImageObject","@id":"\/logo.png","url":"\/logo.png","width":600,"height":60}},"image":{"@type":"ImageObject","@id":"https:\/\/www.kraff.cz\/wp-content\/uploads\/croatia-1611128_640_10_7.jpg","url":"https:\/\/www.kraff.cz\/wp-content\/uploads\/croatia-1611128_640_10_7.jpg","height":0,"width":0},"keywords":null},{"@type":"Article","@id":"https:\/\/www.kraff.cz\/s-vozem-z-prazske-autopujcovny-vyrazime-na-lipno\/","headline":"S vozem z pra\u017esk\u00e9 autop\u016fj\u010dovny vyr\u00e1\u017e\u00edme na Lipno","url":"https:\/\/www.kraff.cz\/s-vozem-z-prazske-autopujcovny-vyrazime-na-lipno\/","datePublished":"2023-04-11","dateModified":"2023-05-18","mainEntityOfPage":"https:\/\/www.kraff.cz\/s-vozem-z-prazske-autopujcovny-vyrazime-na-lipno\/","author":{"@type":"Person","@id":"https:\/\/www.kraff.cz\/author\/#Person","name":"","url":"https:\/\/www.kraff.cz\/author\/","identifier":1,"image":{"@type":"ImageObject","@id":"https:\/\/secure.gravatar.com\/avatar\/325464d7e09ffe52889ba6983accc5cdb65d0a54acd9a25cd7e409bd3eba713a?s=96&d=mm&r=g","url":"https:\/\/secure.gravatar.com\/avatar\/325464d7e09ffe52889ba6983accc5cdb65d0a54acd9a25cd7e409bd3eba713a?s=96&d=mm&r=g","height":96,"width":96}},"publisher":{"@type":"Organization","name":"kraff.cz","logo":{"@type":"ImageObject","@id":"\/logo.png","url":"\/logo.png","width":600,"height":60}},"image":{"@type":"ImageObject","@id":"https:\/\/www.kraff.cz\/wp-content\/uploads\/castle-2977533_640_3.jpg","url":"https:\/\/www.kraff.cz\/wp-content\/uploads\/castle-2977533_640_3.jpg","height":0,"width":0},"keywords":null},{"@type":"Article","@id":"https:\/\/www.kraff.cz\/e-shopy-mohou-vzbuzovat-zajem\/","headline":"E-shopy mohou vzbuzovat z\u00e1jem","url":"https:\/\/www.kraff.cz\/e-shopy-mohou-vzbuzovat-zajem\/","datePublished":"2023-03-29","dateModified":"2023-04-26","mainEntityOfPage":"https:\/\/www.kraff.cz\/e-shopy-mohou-vzbuzovat-zajem\/","author":{"@type":"Person","@id":"https:\/\/www.kraff.cz\/author\/#Person","name":"","url":"https:\/\/www.kraff.cz\/author\/","identifier":1,"image":{"@type":"ImageObject","@id":"https:\/\/secure.gravatar.com\/avatar\/325464d7e09ffe52889ba6983accc5cdb65d0a54acd9a25cd7e409bd3eba713a?s=96&d=mm&r=g","url":"https:\/\/secure.gravatar.com\/avatar\/325464d7e09ffe52889ba6983accc5cdb65d0a54acd9a25cd7e409bd3eba713a?s=96&d=mm&r=g","height":96,"width":96}},"publisher":{"@type":"Organization","name":"kraff.cz","logo":{"@type":"ImageObject","@id":"\/logo.png","url":"\/logo.png","width":600,"height":60}},"image":{"@type":"ImageObject","@id":"https:\/\/www.kraff.cz\/wp-content\/uploads\/magnifying-glass-76520_960_720_5.png","url":"https:\/\/www.kraff.cz\/wp-content\/uploads\/magnifying-glass-76520_960_720_5.png","height":0,"width":0},"keywords":null},{"@type":"Article","@id":"https:\/\/www.kraff.cz\/kvalitni-firma\/","headline":"Kvalitn\u00ed firma","url":"https:\/\/www.kraff.cz\/kvalitni-firma\/","datePublished":"2023-03-28","dateModified":"2023-04-28","mainEntityOfPage":"https:\/\/www.kraff.cz\/kvalitni-firma\/","author":{"@type":"Person","@id":"https:\/\/www.kraff.cz\/author\/#Person","name":"","url":"https:\/\/www.kraff.cz\/author\/","identifier":1,"image":{"@type":"ImageObject","@id":"https:\/\/secure.gravatar.com\/avatar\/325464d7e09ffe52889ba6983accc5cdb65d0a54acd9a25cd7e409bd3eba713a?s=96&d=mm&r=g","url":"https:\/\/secure.gravatar.com\/avatar\/325464d7e09ffe52889ba6983accc5cdb65d0a54acd9a25cd7e409bd3eba713a?s=96&d=mm&r=g","height":96,"width":96}},"publisher":{"@type":"Organization","name":"kraff.cz","logo":{"@type":"ImageObject","@id":"\/logo.png","url":"\/logo.png","width":600,"height":60}},"image":{"@type":"ImageObject","@id":"https:\/\/www.kraff.cz\/wp-content\/uploads\/working-2618559_960_720.jpg","url":"https:\/\/www.kraff.cz\/wp-content\/uploads\/working-2618559_960_720.jpg","height":0,"width":0},"keywords":null},{"@type":"Article","@id":"https:\/\/www.kraff.cz\/stehovani-neni-hracka\/","headline":"St\u011bhov\u00e1n\u00ed nen\u00ed hra\u010dka","url":"https:\/\/www.kraff.cz\/stehovani-neni-hracka\/","datePublished":"2023-03-19","dateModified":"2023-10-16","mainEntityOfPage":"https:\/\/www.kraff.cz\/stehovani-neni-hracka\/","author":{"@type":"Person","@id":"https:\/\/www.kraff.cz\/author\/#Person","name":"","url":"https:\/\/www.kraff.cz\/author\/","identifier":1,"image":{"@type":"ImageObject","@id":"https:\/\/secure.gravatar.com\/avatar\/325464d7e09ffe52889ba6983accc5cdb65d0a54acd9a25cd7e409bd3eba713a?s=96&d=mm&r=g","url":"https:\/\/secure.gravatar.com\/avatar\/325464d7e09ffe52889ba6983accc5cdb65d0a54acd9a25cd7e409bd3eba713a?s=96&d=mm&r=g","height":96,"width":96}},"publisher":{"@type":"Organization","name":"kraff.cz","logo":{"@type":"ImageObject","@id":"\/logo.png","url":"\/logo.png","width":600,"height":60}},"image":{"@type":"ImageObject","@id":"https:\/\/www.kraff.cz\/wp-content\/uploads\/ddd.png","url":"https:\/\/www.kraff.cz\/wp-content\/uploads\/ddd.png","height":0,"width":0},"keywords":null},{"@type":"Article","@id":"https:\/\/www.kraff.cz\/po-koberci-se-nejcasteji-naslapuje-naboso\/","headline":"Po koberci se nej\u010dast\u011bji na\u0161lapuje naboso","url":"https:\/\/www.kraff.cz\/po-koberci-se-nejcasteji-naslapuje-naboso\/","datePublished":"2023-03-19","dateModified":"2023-04-24","mainEntityOfPage":"https:\/\/www.kraff.cz\/po-koberci-se-nejcasteji-naslapuje-naboso\/","author":{"@type":"Person","@id":"https:\/\/www.kraff.cz\/author\/#Person","name":"","url":"https:\/\/www.kraff.cz\/author\/","identifier":1,"image":{"@type":"ImageObject","@id":"https:\/\/secure.gravatar.com\/avatar\/325464d7e09ffe52889ba6983accc5cdb65d0a54acd9a25cd7e409bd3eba713a?s=96&d=mm&r=g","url":"https:\/\/secure.gravatar.com\/avatar\/325464d7e09ffe52889ba6983accc5cdb65d0a54acd9a25cd7e409bd3eba713a?s=96&d=mm&r=g","height":96,"width":96}},"publisher":{"@type":"Organization","name":"kraff.cz","logo":{"@type":"ImageObject","@id":"\/logo.png","url":"\/logo.png","width":600,"height":60}},"image":{"@type":"ImageObject","@id":"https:\/\/www.kraff.cz\/wp-content\/uploads\/pexels-cottonbro-studio-6966112.jpg","url":"https:\/\/www.kraff.cz\/wp-content\/uploads\/pexels-cottonbro-studio-6966112.jpg","height":0,"width":0},"keywords":null},{"@type":"Article","@id":"https:\/\/www.kraff.cz\/zdrave-zuby-u-nas-problem\/","headline":"Zdrav\u00e9 zuby &#8211; u n\u00e1s probl\u00e9m","url":"https:\/\/www.kraff.cz\/zdrave-zuby-u-nas-problem\/","datePublished":"2023-03-19","dateModified":"2023-04-24","mainEntityOfPage":"https:\/\/www.kraff.cz\/zdrave-zuby-u-nas-problem\/","author":{"@type":"Person","@id":"https:\/\/www.kraff.cz\/author\/#Person","name":"","url":"https:\/\/www.kraff.cz\/author\/","identifier":1,"image":{"@type":"ImageObject","@id":"https:\/\/secure.gravatar.com\/avatar\/325464d7e09ffe52889ba6983accc5cdb65d0a54acd9a25cd7e409bd3eba713a?s=96&d=mm&r=g","url":"https:\/\/secure.gravatar.com\/avatar\/325464d7e09ffe52889ba6983accc5cdb65d0a54acd9a25cd7e409bd3eba713a?s=96&d=mm&r=g","height":96,"width":96}},"publisher":{"@type":"Organization","name":"kraff.cz","logo":{"@type":"ImageObject","@id":"\/logo.png","url":"\/logo.png","width":600,"height":60}},"image":{"@type":"ImageObject","@id":"https:\/\/www.kraff.cz\/wp-content\/uploads\/dentist-3528684_640_9.jpg","url":"https:\/\/www.kraff.cz\/wp-content\/uploads\/dentist-3528684_640_9.jpg","height":0,"width":0},"keywords":null},{"@type":"Article","@id":"https:\/\/www.kraff.cz\/jak-jste-nas-nasli\/","headline":"Jak jste n\u00e1s na\u0161li?","url":"https:\/\/www.kraff.cz\/jak-jste-nas-nasli\/","datePublished":"2021-01-22","dateModified":"2021-01-22","mainEntityOfPage":"https:\/\/www.kraff.cz\/jak-jste-nas-nasli\/","author":{"@type":"Person","@id":"https:\/\/www.kraff.cz\/author\/#Person","name":"","url":"https:\/\/www.kraff.cz\/author\/","identifier":1,"image":{"@type":"ImageObject","@id":"https:\/\/secure.gravatar.com\/avatar\/325464d7e09ffe52889ba6983accc5cdb65d0a54acd9a25cd7e409bd3eba713a?s=96&d=mm&r=g","url":"https:\/\/secure.gravatar.com\/avatar\/325464d7e09ffe52889ba6983accc5cdb65d0a54acd9a25cd7e409bd3eba713a?s=96&d=mm&r=g","height":96,"width":96}},"publisher":{"@type":"Organization","name":"kraff.cz","logo":{"@type":"ImageObject","@id":"\/logo.png","url":"\/logo.png","width":600,"height":60}},"image":{"@type":"ImageObject","@id":"https:\/\/www.kraff.cz\/wp-content\/uploads\/psan%C3%AD%20na%20notebooku_4.jpg","url":"https:\/\/www.kraff.cz\/wp-content\/uploads\/psan%C3%AD%20na%20notebooku_4.jpg","height":0,"width":0},"keywords":null}]}