{"@context":"https:\/\/schema.org\/","@type":"CollectionPage","@id":"https:\/\/www.kraff.cz\/firmy\/#CollectionPage","headline":"Firmy Category","description":"","url":"https:\/\/www.kraff.cz\/firmy\/","hasPart":[{"@type":"Article","@id":"https:\/\/www.kraff.cz\/na-internetu-musite-byt-videt\/","headline":"Na internetu mus\u00edte b\u00fdt vid\u011bt","url":"https:\/\/www.kraff.cz\/na-internetu-musite-byt-videt\/","datePublished":"2018-03-03","dateModified":"2018-03-03","mainEntityOfPage":"https:\/\/www.kraff.cz\/na-internetu-musite-byt-videt\/","author":{"@type":"Person","@id":"https:\/\/www.kraff.cz\/author\/#Person","name":"","url":"https:\/\/www.kraff.cz\/author\/","identifier":1,"image":{"@type":"ImageObject","@id":"https:\/\/secure.gravatar.com\/avatar\/325464d7e09ffe52889ba6983accc5cdb65d0a54acd9a25cd7e409bd3eba713a?s=96&d=mm&r=g","url":"https:\/\/secure.gravatar.com\/avatar\/325464d7e09ffe52889ba6983accc5cdb65d0a54acd9a25cd7e409bd3eba713a?s=96&d=mm&r=g","height":96,"width":96}},"publisher":{"@type":"Organization","name":"kraff.cz","logo":{"@type":"ImageObject","@id":"\/logo.png","url":"\/logo.png","width":600,"height":60}},"image":{"@type":"ImageObject","@id":"https:\/\/www.kraff.cz\/wp-content\/uploads\/img_a317260_w2338_t1527944400.jpg","url":"https:\/\/www.kraff.cz\/wp-content\/uploads\/img_a317260_w2338_t1527944400.jpg","height":0,"width":0},"keywords":null},{"@type":"Article","@id":"https:\/\/www.kraff.cz\/moznosti-pro-kazdeho\/","headline":"Mo\u017enosti pro ka\u017ed\u00e9ho","url":"https:\/\/www.kraff.cz\/moznosti-pro-kazdeho\/","datePublished":"2018-02-15","dateModified":"2018-02-15","mainEntityOfPage":"https:\/\/www.kraff.cz\/moznosti-pro-kazdeho\/","author":{"@type":"Person","@id":"https:\/\/www.kraff.cz\/author\/#Person","name":"","url":"https:\/\/www.kraff.cz\/author\/","identifier":1,"image":{"@type":"ImageObject","@id":"https:\/\/secure.gravatar.com\/avatar\/325464d7e09ffe52889ba6983accc5cdb65d0a54acd9a25cd7e409bd3eba713a?s=96&d=mm&r=g","url":"https:\/\/secure.gravatar.com\/avatar\/325464d7e09ffe52889ba6983accc5cdb65d0a54acd9a25cd7e409bd3eba713a?s=96&d=mm&r=g","height":96,"width":96}},"publisher":{"@type":"Organization","name":"kraff.cz","logo":{"@type":"ImageObject","@id":"\/logo.png","url":"\/logo.png","width":600,"height":60}},"image":{"@type":"ImageObject","@id":"https:\/\/www.kraff.cz\/wp-content\/uploads\/img_a316483_w2609_t1527434067.jpg","url":"https:\/\/www.kraff.cz\/wp-content\/uploads\/img_a316483_w2609_t1527434067.jpg","height":0,"width":0},"keywords":null},{"@type":"Article","@id":"https:\/\/www.kraff.cz\/hura-na-instagram-s-mrizkou\/","headline":"Hur\u00e1 na instagram s m\u0159\u00ed\u017ekou","url":"https:\/\/www.kraff.cz\/hura-na-instagram-s-mrizkou\/","datePublished":"2017-12-08","dateModified":"2017-12-08","mainEntityOfPage":"https:\/\/www.kraff.cz\/hura-na-instagram-s-mrizkou\/","author":{"@type":"Person","@id":"https:\/\/www.kraff.cz\/author\/#Person","name":"","url":"https:\/\/www.kraff.cz\/author\/","identifier":1,"image":{"@type":"ImageObject","@id":"https:\/\/secure.gravatar.com\/avatar\/325464d7e09ffe52889ba6983accc5cdb65d0a54acd9a25cd7e409bd3eba713a?s=96&d=mm&r=g","url":"https:\/\/secure.gravatar.com\/avatar\/325464d7e09ffe52889ba6983accc5cdb65d0a54acd9a25cd7e409bd3eba713a?s=96&d=mm&r=g","height":96,"width":96}},"publisher":{"@type":"Organization","name":"kraff.cz","logo":{"@type":"ImageObject","@id":"\/logo.png","url":"\/logo.png","width":600,"height":60}},"image":{"@type":"ImageObject","@id":"https:\/\/www.kraff.cz\/wp-content\/uploads\/img_a306732_w2321_t1517987109.png","url":"https:\/\/www.kraff.cz\/wp-content\/uploads\/img_a306732_w2321_t1517987109.png","height":0,"width":0},"keywords":null},{"@type":"Article","@id":"https:\/\/www.kraff.cz\/uderte-hrebik-na-hlavicku\/","headline":"Ude\u0159te h\u0159eb\u00edk na hlavi\u010dku","url":"https:\/\/www.kraff.cz\/uderte-hrebik-na-hlavicku\/","datePublished":"2017-11-07","dateModified":"2017-11-07","mainEntityOfPage":"https:\/\/www.kraff.cz\/uderte-hrebik-na-hlavicku\/","author":{"@type":"Person","@id":"https:\/\/www.kraff.cz\/author\/#Person","name":"","url":"https:\/\/www.kraff.cz\/author\/","identifier":1,"image":{"@type":"ImageObject","@id":"https:\/\/secure.gravatar.com\/avatar\/325464d7e09ffe52889ba6983accc5cdb65d0a54acd9a25cd7e409bd3eba713a?s=96&d=mm&r=g","url":"https:\/\/secure.gravatar.com\/avatar\/325464d7e09ffe52889ba6983accc5cdb65d0a54acd9a25cd7e409bd3eba713a?s=96&d=mm&r=g","height":96,"width":96}},"publisher":{"@type":"Organization","name":"kraff.cz","logo":{"@type":"ImageObject","@id":"\/logo.png","url":"\/logo.png","width":600,"height":60}},"image":{"@type":"ImageObject","@id":"https:\/\/www.kraff.cz\/wp-content\/uploads\/img_a313151_w2505_t1523809401.jpg","url":"https:\/\/www.kraff.cz\/wp-content\/uploads\/img_a313151_w2505_t1523809401.jpg","height":0,"width":0},"keywords":null},{"@type":"Article","@id":"https:\/\/www.kraff.cz\/i-vase-stranky-budou-stredem-pozornosti\/","headline":"I Va\u0161e str\u00e1nky budou st\u0159edem pozornosti","url":"https:\/\/www.kraff.cz\/i-vase-stranky-budou-stredem-pozornosti\/","datePublished":"2017-11-01","dateModified":"2017-11-01","mainEntityOfPage":"https:\/\/www.kraff.cz\/i-vase-stranky-budou-stredem-pozornosti\/","author":{"@type":"Person","@id":"https:\/\/www.kraff.cz\/author\/#Person","name":"","url":"https:\/\/www.kraff.cz\/author\/","identifier":1,"image":{"@type":"ImageObject","@id":"https:\/\/secure.gravatar.com\/avatar\/325464d7e09ffe52889ba6983accc5cdb65d0a54acd9a25cd7e409bd3eba713a?s=96&d=mm&r=g","url":"https:\/\/secure.gravatar.com\/avatar\/325464d7e09ffe52889ba6983accc5cdb65d0a54acd9a25cd7e409bd3eba713a?s=96&d=mm&r=g","height":96,"width":96}},"publisher":{"@type":"Organization","name":"kraff.cz","logo":{"@type":"ImageObject","@id":"\/logo.png","url":"\/logo.png","width":600,"height":60}},"image":{"@type":"ImageObject","@id":"https:\/\/www.kraff.cz\/wp-content\/uploads\/img_a313112_w2378_t1523788236.jpg","url":"https:\/\/www.kraff.cz\/wp-content\/uploads\/img_a313112_w2378_t1523788236.jpg","height":0,"width":0},"keywords":null}]}