{"@context":"https:\/\/schema.org\/","@type":"CollectionPage","@id":"https:\/\/www.kraff.cz\/firmy\/#CollectionPage","headline":"Firmy Category","description":"","url":"https:\/\/www.kraff.cz\/firmy\/","hasPart":[{"@type":"Article","@id":"https:\/\/www.kraff.cz\/mezi-prvnimi-tremi\/","headline":"Mezi prvn\u00edmi t\u0159emi","url":"https:\/\/www.kraff.cz\/mezi-prvnimi-tremi\/","datePublished":"2024-09-26","dateModified":"2024-09-26","mainEntityOfPage":"https:\/\/www.kraff.cz\/mezi-prvnimi-tremi\/","author":{"@type":"Person","@id":"https:\/\/www.kraff.cz\/author\/#Person","name":"","url":"https:\/\/www.kraff.cz\/author\/","identifier":1,"image":{"@type":"ImageObject","@id":"https:\/\/secure.gravatar.com\/avatar\/325464d7e09ffe52889ba6983accc5cdb65d0a54acd9a25cd7e409bd3eba713a?s=96&d=mm&r=g","url":"https:\/\/secure.gravatar.com\/avatar\/325464d7e09ffe52889ba6983accc5cdb65d0a54acd9a25cd7e409bd3eba713a?s=96&d=mm&r=g","height":96,"width":96}},"publisher":{"@type":"Organization","name":"kraff.cz","logo":{"@type":"ImageObject","@id":"\/logo.png","url":"\/logo.png","width":600,"height":60}},"image":{"@type":"ImageObject","@id":"https:\/\/www.kraff.cz\/wp-content\/uploads\/binary-2904980_640.jpg","url":"https:\/\/www.kraff.cz\/wp-content\/uploads\/binary-2904980_640.jpg","height":0,"width":0},"keywords":null},{"@type":"Article","@id":"https:\/\/www.kraff.cz\/optimalizujte-svoje-moznosti\/","headline":"Optimalizujte svoje mo\u017enosti","url":"https:\/\/www.kraff.cz\/optimalizujte-svoje-moznosti\/","datePublished":"2024-09-26","dateModified":"2024-09-26","mainEntityOfPage":"https:\/\/www.kraff.cz\/optimalizujte-svoje-moznosti\/","author":{"@type":"Person","@id":"https:\/\/www.kraff.cz\/author\/#Person","name":"","url":"https:\/\/www.kraff.cz\/author\/","identifier":1,"image":{"@type":"ImageObject","@id":"https:\/\/secure.gravatar.com\/avatar\/325464d7e09ffe52889ba6983accc5cdb65d0a54acd9a25cd7e409bd3eba713a?s=96&d=mm&r=g","url":"https:\/\/secure.gravatar.com\/avatar\/325464d7e09ffe52889ba6983accc5cdb65d0a54acd9a25cd7e409bd3eba713a?s=96&d=mm&r=g","height":96,"width":96}},"publisher":{"@type":"Organization","name":"kraff.cz","logo":{"@type":"ImageObject","@id":"\/logo.png","url":"\/logo.png","width":600,"height":60}},"image":{"@type":"ImageObject","@id":"https:\/\/www.kraff.cz\/wp-content\/uploads\/digital-marketing-1725340_640_10_10_10_3.jpg","url":"https:\/\/www.kraff.cz\/wp-content\/uploads\/digital-marketing-1725340_640_10_10_10_3.jpg","height":0,"width":0},"keywords":null},{"@type":"Article","@id":"https:\/\/www.kraff.cz\/stehovani-skleniku-nechte-na-profesionalech\/","headline":"St\u011bhov\u00e1n\u00ed sklen\u00edku nechte na profesion\u00e1lech","url":"https:\/\/www.kraff.cz\/stehovani-skleniku-nechte-na-profesionalech\/","datePublished":"2024-08-26","dateModified":"2024-08-26","mainEntityOfPage":"https:\/\/www.kraff.cz\/stehovani-skleniku-nechte-na-profesionalech\/","author":{"@type":"Person","@id":"https:\/\/www.kraff.cz\/author\/#Person","name":"","url":"https:\/\/www.kraff.cz\/author\/","identifier":1,"image":{"@type":"ImageObject","@id":"https:\/\/secure.gravatar.com\/avatar\/325464d7e09ffe52889ba6983accc5cdb65d0a54acd9a25cd7e409bd3eba713a?s=96&d=mm&r=g","url":"https:\/\/secure.gravatar.com\/avatar\/325464d7e09ffe52889ba6983accc5cdb65d0a54acd9a25cd7e409bd3eba713a?s=96&d=mm&r=g","height":96,"width":96}},"publisher":{"@type":"Organization","name":"kraff.cz","logo":{"@type":"ImageObject","@id":"\/logo.png","url":"\/logo.png","width":600,"height":60}},"image":{"@type":"ImageObject","@id":"https:\/\/www.kraff.cz\/wp-content\/uploads\/pepper-7200198_640.jpg","url":"https:\/\/www.kraff.cz\/wp-content\/uploads\/pepper-7200198_640.jpg","height":0,"width":0},"keywords":null},{"@type":"Article","@id":"https:\/\/www.kraff.cz\/instalateri-jsou-nepostradatelni\/","headline":"Instalat\u00e9\u0159i jsou nepostradateln\u00ed","url":"https:\/\/www.kraff.cz\/instalateri-jsou-nepostradatelni\/","datePublished":"2024-08-25","dateModified":"2024-08-25","mainEntityOfPage":"https:\/\/www.kraff.cz\/instalateri-jsou-nepostradatelni\/","author":{"@type":"Person","@id":"https:\/\/www.kraff.cz\/author\/#Person","name":"","url":"https:\/\/www.kraff.cz\/author\/","identifier":1,"image":{"@type":"ImageObject","@id":"https:\/\/secure.gravatar.com\/avatar\/325464d7e09ffe52889ba6983accc5cdb65d0a54acd9a25cd7e409bd3eba713a?s=96&d=mm&r=g","url":"https:\/\/secure.gravatar.com\/avatar\/325464d7e09ffe52889ba6983accc5cdb65d0a54acd9a25cd7e409bd3eba713a?s=96&d=mm&r=g","height":96,"width":96}},"publisher":{"@type":"Organization","name":"kraff.cz","logo":{"@type":"ImageObject","@id":"\/logo.png","url":"\/logo.png","width":600,"height":60}},"image":{"@type":"ImageObject","@id":"https:\/\/www.kraff.cz\/wp-content\/uploads\/IIIIIIII.jpg","url":"https:\/\/www.kraff.cz\/wp-content\/uploads\/IIIIIIII.jpg","height":0,"width":0},"keywords":null},{"@type":"Article","@id":"https:\/\/www.kraff.cz\/jak-se-vyrabi-domaci-spotrebice\/","headline":"Jak se vyr\u00e1b\u00ed dom\u00e1c\u00ed spot\u0159ebi\u010de","url":"https:\/\/www.kraff.cz\/jak-se-vyrabi-domaci-spotrebice\/","datePublished":"2024-08-25","dateModified":"2024-08-25","mainEntityOfPage":"https:\/\/www.kraff.cz\/jak-se-vyrabi-domaci-spotrebice\/","author":{"@type":"Person","@id":"https:\/\/www.kraff.cz\/author\/#Person","name":"","url":"https:\/\/www.kraff.cz\/author\/","identifier":1,"image":{"@type":"ImageObject","@id":"https:\/\/secure.gravatar.com\/avatar\/325464d7e09ffe52889ba6983accc5cdb65d0a54acd9a25cd7e409bd3eba713a?s=96&d=mm&r=g","url":"https:\/\/secure.gravatar.com\/avatar\/325464d7e09ffe52889ba6983accc5cdb65d0a54acd9a25cd7e409bd3eba713a?s=96&d=mm&r=g","height":96,"width":96}},"publisher":{"@type":"Organization","name":"kraff.cz","logo":{"@type":"ImageObject","@id":"\/logo.png","url":"\/logo.png","width":600,"height":60}},"image":{"@type":"ImageObject","@id":"https:\/\/www.kraff.cz\/wp-content\/uploads\/kitchen-7850353_640_3.jpg","url":"https:\/\/www.kraff.cz\/wp-content\/uploads\/kitchen-7850353_640_3.jpg","height":0,"width":0},"keywords":null},{"@type":"Article","@id":"https:\/\/www.kraff.cz\/zapach-z-ucpaneho-zachodu-vam-pokazi-cely-den\/","headline":"Z\u00e1pach z ucpan\u00e9ho z\u00e1chodu v\u00e1m pokaz\u00ed cel\u00fd den","url":"https:\/\/www.kraff.cz\/zapach-z-ucpaneho-zachodu-vam-pokazi-cely-den\/","datePublished":"2024-01-26","dateModified":"2024-02-27","mainEntityOfPage":"https:\/\/www.kraff.cz\/zapach-z-ucpaneho-zachodu-vam-pokazi-cely-den\/","author":{"@type":"Person","@id":"https:\/\/www.kraff.cz\/author\/#Person","name":"","url":"https:\/\/www.kraff.cz\/author\/","identifier":1,"image":{"@type":"ImageObject","@id":"https:\/\/secure.gravatar.com\/avatar\/325464d7e09ffe52889ba6983accc5cdb65d0a54acd9a25cd7e409bd3eba713a?s=96&d=mm&r=g","url":"https:\/\/secure.gravatar.com\/avatar\/325464d7e09ffe52889ba6983accc5cdb65d0a54acd9a25cd7e409bd3eba713a?s=96&d=mm&r=g","height":96,"width":96}},"publisher":{"@type":"Organization","name":"kraff.cz","logo":{"@type":"ImageObject","@id":"\/logo.png","url":"\/logo.png","width":600,"height":60}},"image":{"@type":"ImageObject","@id":"https:\/\/www.kraff.cz\/wp-content\/uploads\/pull-4601491_640_1.jpg","url":"https:\/\/www.kraff.cz\/wp-content\/uploads\/pull-4601491_640_1.jpg","height":0,"width":0},"keywords":null},{"@type":"Article","@id":"https:\/\/www.kraff.cz\/na-co-se-lide-ptaji-v-souvislosti-s-menstruacnimi-kalhotkami\/","headline":"Na co se lid\u00e9 ptaj\u00ed v souvislosti s menstrua\u010dn\u00edmi kalhotkami","url":"https:\/\/www.kraff.cz\/na-co-se-lide-ptaji-v-souvislosti-s-menstruacnimi-kalhotkami\/","datePublished":"2023-08-20","dateModified":"2024-01-17","mainEntityOfPage":"https:\/\/www.kraff.cz\/na-co-se-lide-ptaji-v-souvislosti-s-menstruacnimi-kalhotkami\/","author":{"@type":"Person","@id":"https:\/\/www.kraff.cz\/author\/#Person","name":"","url":"https:\/\/www.kraff.cz\/author\/","identifier":1,"image":{"@type":"ImageObject","@id":"https:\/\/secure.gravatar.com\/avatar\/325464d7e09ffe52889ba6983accc5cdb65d0a54acd9a25cd7e409bd3eba713a?s=96&d=mm&r=g","url":"https:\/\/secure.gravatar.com\/avatar\/325464d7e09ffe52889ba6983accc5cdb65d0a54acd9a25cd7e409bd3eba713a?s=96&d=mm&r=g","height":96,"width":96}},"publisher":{"@type":"Organization","name":"kraff.cz","logo":{"@type":"ImageObject","@id":"\/logo.png","url":"\/logo.png","width":600,"height":60}},"image":{"@type":"ImageObject","@id":"https:\/\/www.kraff.cz\/wp-content\/uploads\/girls-5895385_640.jpg","url":"https:\/\/www.kraff.cz\/wp-content\/uploads\/girls-5895385_640.jpg","height":0,"width":0},"keywords":null},{"@type":"Article","@id":"https:\/\/www.kraff.cz\/good-fun-for-you\/","headline":"Good fun for you","url":"https:\/\/www.kraff.cz\/good-fun-for-you\/","datePublished":"2023-06-26","dateModified":"2023-07-26","mainEntityOfPage":"https:\/\/www.kraff.cz\/good-fun-for-you\/","author":{"@type":"Person","@id":"https:\/\/www.kraff.cz\/author\/#Person","name":"","url":"https:\/\/www.kraff.cz\/author\/","identifier":1,"image":{"@type":"ImageObject","@id":"https:\/\/secure.gravatar.com\/avatar\/325464d7e09ffe52889ba6983accc5cdb65d0a54acd9a25cd7e409bd3eba713a?s=96&d=mm&r=g","url":"https:\/\/secure.gravatar.com\/avatar\/325464d7e09ffe52889ba6983accc5cdb65d0a54acd9a25cd7e409bd3eba713a?s=96&d=mm&r=g","height":96,"width":96}},"publisher":{"@type":"Organization","name":"kraff.cz","logo":{"@type":"ImageObject","@id":"\/logo.png","url":"\/logo.png","width":600,"height":60}},"image":{"@type":"ImageObject","@id":"https:\/\/www.kraff.cz\/wp-content\/uploads\/gun-937682_1280.jpg","url":"https:\/\/www.kraff.cz\/wp-content\/uploads\/gun-937682_1280.jpg","height":0,"width":0},"keywords":null},{"@type":"Article","@id":"https:\/\/www.kraff.cz\/vyklizeci-firmu-vybirejte-i-podle-referenci-zakazniku\/","headline":"Vykl\u00edzec\u00ed firmu vyb\u00edrejte i podle referenc\u00ed z\u00e1kazn\u00edk\u016f","url":"https:\/\/www.kraff.cz\/vyklizeci-firmu-vybirejte-i-podle-referenci-zakazniku\/","datePublished":"2023-06-20","dateModified":"2023-07-20","mainEntityOfPage":"https:\/\/www.kraff.cz\/vyklizeci-firmu-vybirejte-i-podle-referenci-zakazniku\/","author":{"@type":"Person","@id":"https:\/\/www.kraff.cz\/author\/#Person","name":"","url":"https:\/\/www.kraff.cz\/author\/","identifier":1,"image":{"@type":"ImageObject","@id":"https:\/\/secure.gravatar.com\/avatar\/325464d7e09ffe52889ba6983accc5cdb65d0a54acd9a25cd7e409bd3eba713a?s=96&d=mm&r=g","url":"https:\/\/secure.gravatar.com\/avatar\/325464d7e09ffe52889ba6983accc5cdb65d0a54acd9a25cd7e409bd3eba713a?s=96&d=mm&r=g","height":96,"width":96}},"publisher":{"@type":"Organization","name":"kraff.cz","logo":{"@type":"ImageObject","@id":"\/logo.png","url":"\/logo.png","width":600,"height":60}},"image":{"@type":"ImageObject","@id":"https:\/\/www.kraff.cz\/wp-content\/uploads\/living-room-457793_640.jpg","url":"https:\/\/www.kraff.cz\/wp-content\/uploads\/living-room-457793_640.jpg","height":0,"width":0},"keywords":null},{"@type":"Article","@id":"https:\/\/www.kraff.cz\/je-dobre-vedet-o-nejakem-projektantovi-vodovodni-pripojky\/","headline":"Je dobr\u00e9 v\u011bd\u011bt o n\u011bjak\u00e9m projektantovi vodovodn\u00ed p\u0159\u00edpojky","url":"https:\/\/www.kraff.cz\/je-dobre-vedet-o-nejakem-projektantovi-vodovodni-pripojky\/","datePublished":"2023-05-29","dateModified":"2023-07-03","mainEntityOfPage":"https:\/\/www.kraff.cz\/je-dobre-vedet-o-nejakem-projektantovi-vodovodni-pripojky\/","author":{"@type":"Person","@id":"https:\/\/www.kraff.cz\/author\/#Person","name":"","url":"https:\/\/www.kraff.cz\/author\/","identifier":1,"image":{"@type":"ImageObject","@id":"https:\/\/secure.gravatar.com\/avatar\/325464d7e09ffe52889ba6983accc5cdb65d0a54acd9a25cd7e409bd3eba713a?s=96&d=mm&r=g","url":"https:\/\/secure.gravatar.com\/avatar\/325464d7e09ffe52889ba6983accc5cdb65d0a54acd9a25cd7e409bd3eba713a?s=96&d=mm&r=g","height":96,"width":96}},"publisher":{"@type":"Organization","name":"kraff.cz","logo":{"@type":"ImageObject","@id":"\/logo.png","url":"\/logo.png","width":600,"height":60}},"image":{"@type":"ImageObject","@id":"https:\/\/www.kraff.cz\/wp-content\/uploads\/voda_10_10.JPG","url":"https:\/\/www.kraff.cz\/wp-content\/uploads\/voda_10_10.JPG","height":0,"width":0},"keywords":null}]}