[{"@context":"https:\/\/schema.org\/","@type":"Article","@id":"https:\/\/www.kraff.cz\/dostatek-denniho-svetla-vam-usetri-naklady-za-elektrinu\/#Article","mainEntityOfPage":"https:\/\/www.kraff.cz\/dostatek-denniho-svetla-vam-usetri-naklady-za-elektrinu\/","headline":"Dostatek denn\u00edho sv\u011btla v\u00e1m u\u0161et\u0159\u00ed n\u00e1klady za elekt\u0159inu","name":"Dostatek denn\u00edho sv\u011btla v\u00e1m u\u0161et\u0159\u00ed n\u00e1klady za elekt\u0159inu","description":"Nemus\u00edte sv\u00edtit dlouh\u00e9 hodiny M\u00e1te kr\u00e1sn\u00fd d\u016fm, kter\u00e9mu pr\u00e1v\u011b d\u011bl\u00e1te st\u0159echu a tak chcete okna, kter\u00e1 by p\u0159esn\u011b padla? Tak...","datePublished":"2024-11-14","dateModified":"2024-11-14","author":{"@type":"Person","@id":"https:\/\/www.kraff.cz\/author\/#Person","name":"","url":"https:\/\/www.kraff.cz\/author\/","identifier":1,"image":{"@type":"ImageObject","@id":"https:\/\/secure.gravatar.com\/avatar\/325464d7e09ffe52889ba6983accc5cdb65d0a54acd9a25cd7e409bd3eba713a?s=96&d=mm&r=g","url":"https:\/\/secure.gravatar.com\/avatar\/325464d7e09ffe52889ba6983accc5cdb65d0a54acd9a25cd7e409bd3eba713a?s=96&d=mm&r=g","height":96,"width":96}},"publisher":{"@type":"Organization","name":"kraff.cz","logo":{"@type":"ImageObject","@id":"\/logo.png","url":"\/logo.png","width":600,"height":60}},"url":"https:\/\/www.kraff.cz\/dostatek-denniho-svetla-vam-usetri-naklady-za-elektrinu\/","wordCount":213,"articleBody":"Nemus\u00edte sv\u00edtit dlouh\u00e9 hodinyM\u00e1te kr\u00e1sn\u00fd d\u016fm, kter\u00e9mu pr\u00e1v\u011b d\u011bl\u00e1te st\u0159echu a tak chcete okna, kter\u00e1 by p\u0159esn\u011b padla? Tak to nev\u00e1hejte vyu\u017e\u00edt na\u0161i nab\u00eddku, kter\u00e1 se v\u00e1m bude l\u00edbit nejen tehdy, kdy\u017e si chcete kupovat nov\u00e1 nebo m\u011bnit okna, proto\u017ee u n\u00e1s m\u016f\u017eete koupit st\u0159e\u0161n\u00ed okna extra v\u00fdhodn\u011b.Pro\u010d \u017e\u00edt ve tm\u011b?Proto\u017ee se sna\u017e\u00edme o to, aby na\u0161e st\u0159e\u0161n\u00ed okna byla ta nejlep\u0161\u00ed z okol\u00ed, m\u016f\u017eete se spolehnout na opravdu skv\u011bl\u00e9 produkty, kter\u00e9 v\u00e1m vyrob\u00edme. Je to o tom, \u017ee se sna\u017e\u00edme na\u0161i pr\u00e1ci prov\u00e1d\u011bt co nejv\u00edce kvalitn\u011b, a tak se m\u016f\u017eete spolehnout na to, co v\u00e1m vyrob\u00edme.Jsou pot\u0159ebn\u00e1Pr\u00e1v\u011b st\u0159e\u0161n\u00ed okna jsou pot\u0159ebn\u00e1 pro ka\u017ed\u00fd d\u016fm, kter\u00fd m\u00e1 zkosenou st\u0159echu a dokonce n\u011bjak\u00e9 podkrovn\u00ed m\u00edstnosti. Proto\u017ee se v dne\u0161n\u00ed dob\u011b d\u011blaj\u00ed takov\u00e9 m\u00edstnosti do v\u011bt\u0161iny dom\u016f, ur\u010dit\u011b se v\u00e1m bude l\u00edbit, \u017ee u n\u00e1s m\u00e1te k dispozici kvalitn\u00ed okna, kter\u00e1 v\u00e1s nikdy nezklamou.                                                                                                                                                                                                                                                                                                                                                                                        4.5\/5 - (2 votes)        "},{"@context":"https:\/\/schema.org\/","@type":"BreadcrumbList","itemListElement":[{"@type":"ListItem","position":1,"name":"Dostatek denn\u00edho sv\u011btla v\u00e1m u\u0161et\u0159\u00ed n\u00e1klady za elekt\u0159inu","item":"https:\/\/www.kraff.cz\/dostatek-denniho-svetla-vam-usetri-naklady-za-elektrinu\/#breadcrumbitem"}]}]