[{"@context":"https:\/\/schema.org\/","@type":"Article","@id":"https:\/\/www.kraff.cz\/architektonicke-studio-jasna-zmena-k-lepsimu\/#Article","mainEntityOfPage":"https:\/\/www.kraff.cz\/architektonicke-studio-jasna-zmena-k-lepsimu\/","headline":"Architektonick\u00e9 studio JASNA \u2013 zm\u011bna k lep\u0161\u00edmu","name":"Architektonick\u00e9 studio JASNA \u2013 zm\u011bna k lep\u0161\u00edmu","description":"R\u00e1di byste nov\u00fd byt, d\u016fm nebo zm\u011bnu ve va\u0161em domov\u011b st\u00e1vaj\u00edc\u00edm? Kvalitn\u00ed a komfortn\u00ed bydlen\u00ed je z\u00e1kladem ve\u0161ker\u00e9ho \u0161t\u011bst\u00ed, proto\u017ee...","datePublished":"2018-07-11","dateModified":"2018-07-11","author":{"@type":"Person","@id":"https:\/\/www.kraff.cz\/author\/#Person","name":"","url":"https:\/\/www.kraff.cz\/author\/","identifier":1,"image":{"@type":"ImageObject","@id":"https:\/\/secure.gravatar.com\/avatar\/325464d7e09ffe52889ba6983accc5cdb65d0a54acd9a25cd7e409bd3eba713a?s=96&d=mm&r=g","url":"https:\/\/secure.gravatar.com\/avatar\/325464d7e09ffe52889ba6983accc5cdb65d0a54acd9a25cd7e409bd3eba713a?s=96&d=mm&r=g","height":96,"width":96}},"publisher":{"@type":"Organization","name":"kraff.cz","logo":{"@type":"ImageObject","@id":"\/logo.png","url":"\/logo.png","width":600,"height":60}},"image":{"@type":"ImageObject","@id":"https:\/\/www.kraff.cz\/wp-content\/uploads\/img_a324748_w2494_t1536662857.jpg","url":"https:\/\/www.kraff.cz\/wp-content\/uploads\/img_a324748_w2494_t1536662857.jpg","height":0,"width":0},"url":"https:\/\/www.kraff.cz\/architektonicke-studio-jasna-zmena-k-lepsimu\/","about":["V\u00fdrobky"],"wordCount":418,"articleBody":"R\u00e1di byste nov\u00fd byt, d\u016fm nebo zm\u011bnu ve va\u0161em domov\u011b st\u00e1vaj\u00edc\u00edm? Kvalitn\u00ed a komfortn\u00ed bydlen\u00ed je z\u00e1kladem ve\u0161ker\u00e9ho \u0161t\u011bst\u00ed, proto\u017ee pot\u0159ebujete svoji o\u00e1zu klidu a soukrom\u00ed, do kter\u00e9 se budete r\u00e1di vracet.Prost\u0159ed\u00ed, kter\u00e9 bude podle va\u0161ich p\u0159edstav, v\u00e1m bude d\u00e1vat smysl \u017eivota a z\u00e1zem\u00ed, do kter\u00e9ho p\u0159ivedete i svoji rodinu, p\u0159\u00e1tele. Jde nejen o kvalitn\u00ed v\u00fdhled z okna, zahradu \u010di terasu, ale tak\u00e9 o dob\u0159e \u0159e\u0161en\u00fd design interi\u00e9ru, kter\u00fd tvo\u0159\u00ed z\u00e1kladn\u00fd k\u00e1men charakteru domova.A o va\u0161e p\u0159edstavy a pot\u0159eby se do punt\u00edku postar\u00e1 i architektonick\u00e9 studio JASNA. Z\u00e1kladem \u00fasp\u011bchu a zm\u011bny k lep\u0161\u00edmu je p\u0159edev\u0161\u00edm n\u011bjak\u00e1 vize, p\u0159edstava, sen. A o bydlen\u00ed je sn\u016f spousta a ka\u017ed\u00fd m\u00e1 vysn\u011bn\u00e9 to svoje.N\u011bkdo tou\u017e\u00ed po n\u00e1dhern\u011b velk\u00e9m byt\u011b v podkrov\u00ed s velkou terasou, n\u011bkdo o chaloupce n\u011bkde na venkov\u011b a n\u011bkdo o rodinn\u00e9m dom\u011b se spoustou oken a hlavn\u011b s velkou zahradou. A to v\u0161e chce nejen va\u0161e konkr\u00e9tn\u00ed p\u0159edstavy, ale tak\u00e9 oko profesion\u00e1ln\u00edho architekta, kter\u00fd v\u00e1m s va\u0161imi p\u0159edstavami od za\u010d\u00e1tku a\u017e do konce pom\u016f\u017ee. Za kr\u00e1sou bydlen\u00ed hledej architekta K tomu, abyste mohli va\u0161e p\u0159edstavy o bydlen\u00ed zhmotnit, pot\u0159ebujete p\u0159edev\u0161\u00edm komplexn\u00ed slu\u017eby architekta, kter\u00fd se postar\u00e1 nejen o n\u00e1vrhy projektu, ale i o celkov\u00fd pr\u016fb\u011bh a ve\u0161ker\u00e9 slu\u017eby v oblasti stavebnictv\u00ed.Jedn\u00e1 se nejen o samotn\u00e9 stavby a rekonstrukce, ale tak\u00e9 o projek\u010dn\u00ed \u010dinnost, n\u00e1vrhy staveb i interi\u00e9r\u016f a s t\u00edm jde ruka v ruce design a odborn\u00e9 poradenstv\u00ed. S t\u00edm souvis\u00ed tak\u00e9 v\u00fdb\u011br kvalitn\u00edch materi\u00e1l\u016f, kter\u00e9 jsou d\u016fle\u017eit\u00e9 pro dlouhou \u017eivotnost objektu a konkr\u00e9tn\u00ed \u0159e\u0161en\u00ed jednotliv\u00fdch prvk\u016f staveb a interi\u00e9r\u016f. Stru\u010dn\u011b \u0159e\u010deno od cihly a\u017e po okna, dve\u0159e, podlahy a dal\u0161\u00ed detaily, kter\u00e9 p\u0159ich\u00e1zej\u00ed na \u0159adu u dokon\u010dovac\u00edch \u010dinnost\u00ed. A jedin\u011b zku\u0161en\u00fd architekt a jeho slu\u017eby dok\u00e1\u017eou prom\u00edtnout va\u0161e p\u0159edstavy nejen na pap\u00edr, ale tak\u00e9 do konkr\u00e9tn\u00ed podoby. Pr\u00e1v\u011b ta konkr\u00e9tn\u00ed podoba bude va\u0161e vysn\u011bn\u00e9 bydlen\u00ed, na kter\u00e9 budete n\u00e1le\u017eit\u011b py\u0161n\u00ed.                                                                                                                                                                                                                                                                                                                                                                                          4\/5 - (1 vote)        "},{"@context":"https:\/\/schema.org\/","@type":"BreadcrumbList","itemListElement":[{"@type":"ListItem","position":1,"name":"Architektonick\u00e9 studio JASNA \u2013 zm\u011bna k lep\u0161\u00edmu","item":"https:\/\/www.kraff.cz\/architektonicke-studio-jasna-zmena-k-lepsimu\/#breadcrumbitem"}]}]